{"id":14143,"date":"2019-12-21T12:45:47","date_gmt":"2019-12-21T11:45:47","guid":{"rendered":"https:\/\/www.expotradegroup.com\/fr\/?p=14143"},"modified":"2020-05-03T09:43:16","modified_gmt":"2020-05-03T07:43:16","slug":"exporelax-mobile-et-fonctionnel-intriques-et-cubes-publicitaires","status":"publish","type":"post","link":"https:\/\/www.expotradegroup.com\/fr\/exporelax-mobile-et-fonctionnel-intriques-et-cubes-publicitaires\/","title":{"rendered":"exporelax sac de f\u00e8ves &#8211; mobile et fonctionnel intriqu\u00e9s et cubes publicitaires"},"content":{"rendered":"<p>exporelax sac de f\u00e9ves &#8211; mobile et fonctionnel intriqu\u00e9s et cubes publicitaires. <span lang=\"fr\">Les poufs exporelax sont tr\u00e8s confortables et peuvent \u00eatre imprim\u00e9s dans n&rsquo;importe quel design. <\/span><span lang=\"fr\">Le pouf exporelax est particuli\u00e8rement adapt\u00e9 pour se d\u00e9tendre apr\u00e8s un entra\u00eenement dur ou une course et est une retraite id\u00e9ale.<\/span><\/p>\n<div id=\"tw-target-rmn-container\" class=\"tw-ta-container hide-focus-ring tw-nfl\">\n<pre id=\"tw-target-rmn\" class=\"tw-data-placeholder tw-text-small tw-ta\" dir=\"ltr\" data-placeholder=\"\"><\/pre>\n<\/div>\n<p><span lang=\"fr\">\u00a0<\/span><\/p>\n","protected":false},"excerpt":{"rendered":"<p>exporelax sac de f\u00e9ves &#8211; mobile et fonctionnel intriqu\u00e9s et cubes publicitaires. Les poufs exporelax sont tr\u00e8s confortables et peuvent \u00eatre imprim\u00e9s dans n&rsquo;importe quel design. Le pouf exporelax est particuli\u00e8rement adapt\u00e9 pour se d\u00e9tendre apr\u00e8s un entra\u00eenement dur ou une course et est une retraite id\u00e9ale. \u00a0<\/p>\n","protected":false},"author":3,"featured_media":14136,"comment_status":"closed","ping_status":"open","sticky":false,"template":"","format":"standard","meta":{"footnotes":""},"categories":[3],"tags":[],"class_list":["post-14143","post","type-post","status-publish","format-standard","has-post-thumbnail","hentry","category-non-classifiee"],"yoast_head":"<!-- This site is optimized with the Yoast SEO plugin v23.2 - https:\/\/yoast.com\/wordpress\/plugins\/seo\/ -->\n<title>exporelax sac de f\u00e8ves mobile et fonctionnel intriqu\u00e9s publicitaires<\/title>\n<meta name=\"description\" content=\"exporelax sac de f\u00e9ves sont tr\u00e8s confortables et peuvent \u00eatre imprim\u00e9s dans n&#039;importe quel design. mobile et fonctionnel.\" \/>\n<meta name=\"robots\" content=\"index, follow, max-snippet:-1, max-image-preview:large, max-video-preview:-1\" \/>\n<link rel=\"canonical\" href=\"https:\/\/www.expotradegroup.com\/fr\/exporelax-mobile-et-fonctionnel-intriques-et-cubes-publicitaires\/\" \/>\n<meta property=\"og:locale\" content=\"fr_FR\" \/>\n<meta property=\"og:type\" content=\"article\" \/>\n<meta property=\"og:title\" content=\"exporelax sac de f\u00e8ves mobile et fonctionnel intriqu\u00e9s publicitaires\" \/>\n<meta property=\"og:description\" content=\"exporelax sac de f\u00e9ves sont tr\u00e8s confortables et peuvent \u00eatre imprim\u00e9s dans n&#039;importe quel design. mobile et fonctionnel.\" \/>\n<meta property=\"og:url\" content=\"https:\/\/www.expotradegroup.com\/fr\/exporelax-mobile-et-fonctionnel-intriques-et-cubes-publicitaires\/\" \/>\n<meta property=\"og:site_name\" content=\"Expotrade\" \/>\n<meta property=\"article:publisher\" content=\"https:\/\/www.facebook.com\/Expotrade-Group-Gmbh-Head-Office-501830963237226\/timeline\/\" \/>\n<meta property=\"article:author\" content=\"https:\/\/www.facebook.com\/expotradegroup\/\" \/>\n<meta property=\"article:published_time\" content=\"2019-12-21T11:45:47+00:00\" \/>\n<meta property=\"article:modified_time\" content=\"2020-05-03T07:43:16+00:00\" \/>\n<meta property=\"og:image\" content=\"https:\/\/www.expotradegroup.com\/wp-content\/uploads\/2019\/12\/IMG_5581.jpg\" \/>\n\t<meta property=\"og:image:width\" content=\"4032\" \/>\n\t<meta property=\"og:image:height\" content=\"3024\" \/>\n\t<meta property=\"og:image:type\" content=\"image\/jpeg\" \/>\n<meta name=\"author\" content=\"Andreas Schnetzer\" \/>\n<meta name=\"twitter:card\" content=\"summary_large_image\" \/>\n<meta name=\"twitter:creator\" content=\"@Expotrade_Group\" \/>\n<meta name=\"twitter:site\" content=\"@Expotrade_Group\" \/>\n<meta name=\"twitter:label1\" content=\"\u00c9crit par\" \/>\n\t<meta name=\"twitter:data1\" content=\"Andreas Schnetzer\" \/>\n<script type=\"application\/ld+json\" class=\"yoast-schema-graph\">{\"@context\":\"https:\/\/schema.org\",\"@graph\":[{\"@type\":\"WebPage\",\"@id\":\"https:\/\/www.expotradegroup.com\/fr\/exporelax-mobile-et-fonctionnel-intriques-et-cubes-publicitaires\/\",\"url\":\"https:\/\/www.expotradegroup.com\/fr\/exporelax-mobile-et-fonctionnel-intriques-et-cubes-publicitaires\/\",\"name\":\"exporelax sac de f\u00e8ves mobile et fonctionnel intriqu\u00e9s publicitaires\",\"isPartOf\":{\"@id\":\"https:\/\/www.expotradegroup.com\/fr\/#website\"},\"primaryImageOfPage\":{\"@id\":\"https:\/\/www.expotradegroup.com\/fr\/exporelax-mobile-et-fonctionnel-intriques-et-cubes-publicitaires\/#primaryimage\"},\"image\":{\"@id\":\"https:\/\/www.expotradegroup.com\/fr\/exporelax-mobile-et-fonctionnel-intriques-et-cubes-publicitaires\/#primaryimage\"},\"thumbnailUrl\":\"https:\/\/www.expotradegroup.com\/wp-content\/uploads\/2019\/12\/IMG_5581.jpg\",\"datePublished\":\"2019-12-21T11:45:47+00:00\",\"dateModified\":\"2020-05-03T07:43:16+00:00\",\"author\":{\"@id\":\"https:\/\/www.expotradegroup.com\/fr\/#\/schema\/person\/dc8fa530956d7ce5f3f6525b81f54691\"},\"description\":\"exporelax sac de f\u00e9ves sont tr\u00e8s confortables et peuvent \u00eatre imprim\u00e9s dans n'importe quel design. mobile et fonctionnel.\",\"breadcrumb\":{\"@id\":\"https:\/\/www.expotradegroup.com\/fr\/exporelax-mobile-et-fonctionnel-intriques-et-cubes-publicitaires\/#breadcrumb\"},\"inLanguage\":\"fr-FR\",\"potentialAction\":[{\"@type\":\"ReadAction\",\"target\":[\"https:\/\/www.expotradegroup.com\/fr\/exporelax-mobile-et-fonctionnel-intriques-et-cubes-publicitaires\/\"]}]},{\"@type\":\"ImageObject\",\"inLanguage\":\"fr-FR\",\"@id\":\"https:\/\/www.expotradegroup.com\/fr\/exporelax-mobile-et-fonctionnel-intriques-et-cubes-publicitaires\/#primaryimage\",\"url\":\"https:\/\/www.expotradegroup.com\/wp-content\/uploads\/2019\/12\/IMG_5581.jpg\",\"contentUrl\":\"https:\/\/www.expotradegroup.com\/wp-content\/uploads\/2019\/12\/IMG_5581.jpg\",\"width\":4032,\"height\":3024,\"caption\":\"exporelax Classic et cube\"},{\"@type\":\"BreadcrumbList\",\"@id\":\"https:\/\/www.expotradegroup.com\/fr\/exporelax-mobile-et-fonctionnel-intriques-et-cubes-publicitaires\/#breadcrumb\",\"itemListElement\":[{\"@type\":\"ListItem\",\"position\":1,\"name\":\"Home\",\"item\":\"https:\/\/www.expotradegroup.com\/fr\/tentes-pliantes-table-pliantes-sacs-de-feves\/\"},{\"@type\":\"ListItem\",\"position\":2,\"name\":\"exporelax sac de f\u00e8ves &#8211; mobile et fonctionnel intriqu\u00e9s et cubes publicitaires\"}]},{\"@type\":\"WebSite\",\"@id\":\"https:\/\/www.expotradegroup.com\/fr\/#website\",\"url\":\"https:\/\/www.expotradegroup.com\/fr\/\",\"name\":\"Expotrade\",\"description\":\"Faltzelte, Falttische, Sitzs\u00e4cke und mobile ideas\",\"potentialAction\":[{\"@type\":\"SearchAction\",\"target\":{\"@type\":\"EntryPoint\",\"urlTemplate\":\"https:\/\/www.expotradegroup.com\/fr\/?s={search_term_string}\"},\"query-input\":\"required name=search_term_string\"}],\"inLanguage\":\"fr-FR\"},{\"@type\":\"Person\",\"@id\":\"https:\/\/www.expotradegroup.com\/fr\/#\/schema\/person\/dc8fa530956d7ce5f3f6525b81f54691\",\"name\":\"Andreas Schnetzer\",\"sameAs\":[\"https:\/\/www.expotradegroup.com\",\"https:\/\/www.facebook.com\/expotradegroup\/\"],\"url\":\"https:\/\/www.expotradegroup.com\/fr\/author\/expouser\/\"}]}<\/script>\n<!-- \/ Yoast SEO plugin. -->","yoast_head_json":{"title":"exporelax sac de f\u00e8ves mobile et fonctionnel intriqu\u00e9s publicitaires","description":"exporelax sac de f\u00e9ves sont tr\u00e8s confortables et peuvent \u00eatre imprim\u00e9s dans n'importe quel design. mobile et fonctionnel.","robots":{"index":"index","follow":"follow","max-snippet":"max-snippet:-1","max-image-preview":"max-image-preview:large","max-video-preview":"max-video-preview:-1"},"canonical":"https:\/\/www.expotradegroup.com\/fr\/exporelax-mobile-et-fonctionnel-intriques-et-cubes-publicitaires\/","og_locale":"fr_FR","og_type":"article","og_title":"exporelax sac de f\u00e8ves mobile et fonctionnel intriqu\u00e9s publicitaires","og_description":"exporelax sac de f\u00e9ves sont tr\u00e8s confortables et peuvent \u00eatre imprim\u00e9s dans n'importe quel design. mobile et fonctionnel.","og_url":"https:\/\/www.expotradegroup.com\/fr\/exporelax-mobile-et-fonctionnel-intriques-et-cubes-publicitaires\/","og_site_name":"Expotrade","article_publisher":"https:\/\/www.facebook.com\/Expotrade-Group-Gmbh-Head-Office-501830963237226\/timeline\/","article_author":"https:\/\/www.facebook.com\/expotradegroup\/","article_published_time":"2019-12-21T11:45:47+00:00","article_modified_time":"2020-05-03T07:43:16+00:00","og_image":[{"width":4032,"height":3024,"url":"https:\/\/www.expotradegroup.com\/wp-content\/uploads\/2019\/12\/IMG_5581.jpg","type":"image\/jpeg"}],"author":"Andreas Schnetzer","twitter_card":"summary_large_image","twitter_creator":"@Expotrade_Group","twitter_site":"@Expotrade_Group","twitter_misc":{"\u00c9crit par":"Andreas Schnetzer"},"schema":{"@context":"https:\/\/schema.org","@graph":[{"@type":"WebPage","@id":"https:\/\/www.expotradegroup.com\/fr\/exporelax-mobile-et-fonctionnel-intriques-et-cubes-publicitaires\/","url":"https:\/\/www.expotradegroup.com\/fr\/exporelax-mobile-et-fonctionnel-intriques-et-cubes-publicitaires\/","name":"exporelax sac de f\u00e8ves mobile et fonctionnel intriqu\u00e9s publicitaires","isPartOf":{"@id":"https:\/\/www.expotradegroup.com\/fr\/#website"},"primaryImageOfPage":{"@id":"https:\/\/www.expotradegroup.com\/fr\/exporelax-mobile-et-fonctionnel-intriques-et-cubes-publicitaires\/#primaryimage"},"image":{"@id":"https:\/\/www.expotradegroup.com\/fr\/exporelax-mobile-et-fonctionnel-intriques-et-cubes-publicitaires\/#primaryimage"},"thumbnailUrl":"https:\/\/www.expotradegroup.com\/wp-content\/uploads\/2019\/12\/IMG_5581.jpg","datePublished":"2019-12-21T11:45:47+00:00","dateModified":"2020-05-03T07:43:16+00:00","author":{"@id":"https:\/\/www.expotradegroup.com\/fr\/#\/schema\/person\/dc8fa530956d7ce5f3f6525b81f54691"},"description":"exporelax sac de f\u00e9ves sont tr\u00e8s confortables et peuvent \u00eatre imprim\u00e9s dans n'importe quel design. mobile et fonctionnel.","breadcrumb":{"@id":"https:\/\/www.expotradegroup.com\/fr\/exporelax-mobile-et-fonctionnel-intriques-et-cubes-publicitaires\/#breadcrumb"},"inLanguage":"fr-FR","potentialAction":[{"@type":"ReadAction","target":["https:\/\/www.expotradegroup.com\/fr\/exporelax-mobile-et-fonctionnel-intriques-et-cubes-publicitaires\/"]}]},{"@type":"ImageObject","inLanguage":"fr-FR","@id":"https:\/\/www.expotradegroup.com\/fr\/exporelax-mobile-et-fonctionnel-intriques-et-cubes-publicitaires\/#primaryimage","url":"https:\/\/www.expotradegroup.com\/wp-content\/uploads\/2019\/12\/IMG_5581.jpg","contentUrl":"https:\/\/www.expotradegroup.com\/wp-content\/uploads\/2019\/12\/IMG_5581.jpg","width":4032,"height":3024,"caption":"exporelax Classic et cube"},{"@type":"BreadcrumbList","@id":"https:\/\/www.expotradegroup.com\/fr\/exporelax-mobile-et-fonctionnel-intriques-et-cubes-publicitaires\/#breadcrumb","itemListElement":[{"@type":"ListItem","position":1,"name":"Home","item":"https:\/\/www.expotradegroup.com\/fr\/tentes-pliantes-table-pliantes-sacs-de-feves\/"},{"@type":"ListItem","position":2,"name":"exporelax sac de f\u00e8ves &#8211; mobile et fonctionnel intriqu\u00e9s et cubes publicitaires"}]},{"@type":"WebSite","@id":"https:\/\/www.expotradegroup.com\/fr\/#website","url":"https:\/\/www.expotradegroup.com\/fr\/","name":"Expotrade","description":"Faltzelte, Falttische, Sitzs\u00e4cke und mobile ideas","potentialAction":[{"@type":"SearchAction","target":{"@type":"EntryPoint","urlTemplate":"https:\/\/www.expotradegroup.com\/fr\/?s={search_term_string}"},"query-input":"required name=search_term_string"}],"inLanguage":"fr-FR"},{"@type":"Person","@id":"https:\/\/www.expotradegroup.com\/fr\/#\/schema\/person\/dc8fa530956d7ce5f3f6525b81f54691","name":"Andreas Schnetzer","sameAs":["https:\/\/www.expotradegroup.com","https:\/\/www.facebook.com\/expotradegroup\/"],"url":"https:\/\/www.expotradegroup.com\/fr\/author\/expouser\/"}]}},"_links":{"self":[{"href":"https:\/\/www.expotradegroup.com\/fr\/wp-json\/wp\/v2\/posts\/14143"}],"collection":[{"href":"https:\/\/www.expotradegroup.com\/fr\/wp-json\/wp\/v2\/posts"}],"about":[{"href":"https:\/\/www.expotradegroup.com\/fr\/wp-json\/wp\/v2\/types\/post"}],"author":[{"embeddable":true,"href":"https:\/\/www.expotradegroup.com\/fr\/wp-json\/wp\/v2\/users\/3"}],"replies":[{"embeddable":true,"href":"https:\/\/www.expotradegroup.com\/fr\/wp-json\/wp\/v2\/comments?post=14143"}],"version-history":[{"count":5,"href":"https:\/\/www.expotradegroup.com\/fr\/wp-json\/wp\/v2\/posts\/14143\/revisions"}],"predecessor-version":[{"id":16858,"href":"https:\/\/www.expotradegroup.com\/fr\/wp-json\/wp\/v2\/posts\/14143\/revisions\/16858"}],"wp:featuredmedia":[{"embeddable":true,"href":"https:\/\/www.expotradegroup.com\/fr\/wp-json\/wp\/v2\/media\/14136"}],"wp:attachment":[{"href":"https:\/\/www.expotradegroup.com\/fr\/wp-json\/wp\/v2\/media?parent=14143"}],"wp:term":[{"taxonomy":"category","embeddable":true,"href":"https:\/\/www.expotradegroup.com\/fr\/wp-json\/wp\/v2\/categories?post=14143"},{"taxonomy":"post_tag","embeddable":true,"href":"https:\/\/www.expotradegroup.com\/fr\/wp-json\/wp\/v2\/tags?post=14143"}],"curies":[{"name":"wp","href":"https:\/\/api.w.org\/{rel}","templated":true}]}}