{"id":14789,"date":"2020-04-15T17:58:18","date_gmt":"2020-04-15T15:58:18","guid":{"rendered":"https:\/\/www.expotradegroup.com\/fr\/?p=14789"},"modified":"2020-04-15T17:58:18","modified_gmt":"2020-04-15T15:58:18","slug":"les-premieres-dates-de-course-sont-fixes-es-tu-pret","status":"publish","type":"post","link":"https:\/\/www.expotradegroup.com\/fr\/les-premieres-dates-de-course-sont-fixes-es-tu-pret\/","title":{"rendered":"les premi\u00e8res dates de course sont fixes! es-tu pr\u00eat?"},"content":{"rendered":"<p>expotent tents pliantes pour l&rsquo;industrie des courses. les premi\u00e8res dates de course 2020 sont fixes! es-tu pr\u00eat?<\/p>\n","protected":false},"excerpt":{"rendered":"<p>expotent tents pliantes pour l&rsquo;industrie des courses. les premi\u00e8res dates de course 2020 sont fixes! es-tu pr\u00eat?<\/p>\n","protected":false},"author":3,"featured_media":14017,"comment_status":"closed","ping_status":"open","sticky":false,"template":"","format":"standard","meta":{"footnotes":""},"categories":[3],"tags":[],"class_list":["post-14789","post","type-post","status-publish","format-standard","has-post-thumbnail","hentry","category-non-classifiee"],"yoast_head":"<!-- This site is optimized with the Yoast SEO plugin v23.2 - https:\/\/yoast.com\/wordpress\/plugins\/seo\/ -->\n<title>les premi\u00e8res dates de course sont fixes! es-tu pr\u00eat?<\/title>\n<meta name=\"description\" content=\"expotent tents pliantes pour l&#039;industrie des courses. les premi\u00e8res dates de course 2020 sont fixes! es-tu pr\u00eat?\" \/>\n<meta name=\"robots\" content=\"index, follow, max-snippet:-1, max-image-preview:large, max-video-preview:-1\" \/>\n<link rel=\"canonical\" href=\"https:\/\/www.expotradegroup.com\/fr\/les-premieres-dates-de-course-sont-fixes-es-tu-pret\/\" \/>\n<meta property=\"og:locale\" content=\"fr_FR\" \/>\n<meta property=\"og:type\" content=\"article\" \/>\n<meta property=\"og:title\" content=\"les premi\u00e8res dates de course sont fixes! es-tu pr\u00eat?\" \/>\n<meta property=\"og:description\" content=\"expotent tents pliantes pour l&#039;industrie des courses. les premi\u00e8res dates de course 2020 sont fixes! es-tu pr\u00eat?\" \/>\n<meta property=\"og:url\" content=\"https:\/\/www.expotradegroup.com\/fr\/les-premieres-dates-de-course-sont-fixes-es-tu-pret\/\" \/>\n<meta property=\"og:site_name\" content=\"Expotrade\" \/>\n<meta property=\"article:publisher\" content=\"https:\/\/www.facebook.com\/Expotrade-Group-Gmbh-Head-Office-501830963237226\/timeline\/\" \/>\n<meta property=\"article:author\" content=\"https:\/\/www.facebook.com\/expotradegroup\/\" \/>\n<meta property=\"article:published_time\" content=\"2020-04-15T15:58:18+00:00\" \/>\n<meta property=\"og:image\" content=\"https:\/\/www.expotradegroup.com\/wp-content\/uploads\/2019\/06\/Zenklusen1.gif\" \/>\n\t<meta property=\"og:image:width\" content=\"800\" \/>\n\t<meta property=\"og:image:height\" content=\"489\" \/>\n\t<meta property=\"og:image:type\" content=\"image\/gif\" \/>\n<meta name=\"author\" content=\"Andreas Schnetzer\" \/>\n<meta name=\"twitter:card\" content=\"summary_large_image\" \/>\n<meta name=\"twitter:creator\" content=\"@Expotrade_Group\" \/>\n<meta name=\"twitter:site\" content=\"@Expotrade_Group\" \/>\n<meta name=\"twitter:label1\" content=\"\u00c9crit par\" \/>\n\t<meta name=\"twitter:data1\" content=\"Andreas Schnetzer\" \/>\n<script type=\"application\/ld+json\" class=\"yoast-schema-graph\">{\"@context\":\"https:\/\/schema.org\",\"@graph\":[{\"@type\":\"WebPage\",\"@id\":\"https:\/\/www.expotradegroup.com\/fr\/les-premieres-dates-de-course-sont-fixes-es-tu-pret\/\",\"url\":\"https:\/\/www.expotradegroup.com\/fr\/les-premieres-dates-de-course-sont-fixes-es-tu-pret\/\",\"name\":\"les premi\u00e8res dates de course sont fixes! es-tu pr\u00eat?\",\"isPartOf\":{\"@id\":\"https:\/\/www.expotradegroup.com\/fr\/#website\"},\"primaryImageOfPage\":{\"@id\":\"https:\/\/www.expotradegroup.com\/fr\/les-premieres-dates-de-course-sont-fixes-es-tu-pret\/#primaryimage\"},\"image\":{\"@id\":\"https:\/\/www.expotradegroup.com\/fr\/les-premieres-dates-de-course-sont-fixes-es-tu-pret\/#primaryimage\"},\"thumbnailUrl\":\"https:\/\/www.expotradegroup.com\/wp-content\/uploads\/2019\/06\/Zenklusen1.gif\",\"datePublished\":\"2020-04-15T15:58:18+00:00\",\"dateModified\":\"2020-04-15T15:58:18+00:00\",\"author\":{\"@id\":\"https:\/\/www.expotradegroup.com\/fr\/#\/schema\/person\/dc8fa530956d7ce5f3f6525b81f54691\"},\"description\":\"expotent tents pliantes pour l'industrie des courses. les premi\u00e8res dates de course 2020 sont fixes! es-tu pr\u00eat?\",\"breadcrumb\":{\"@id\":\"https:\/\/www.expotradegroup.com\/fr\/les-premieres-dates-de-course-sont-fixes-es-tu-pret\/#breadcrumb\"},\"inLanguage\":\"fr-FR\",\"potentialAction\":[{\"@type\":\"ReadAction\",\"target\":[\"https:\/\/www.expotradegroup.com\/fr\/les-premieres-dates-de-course-sont-fixes-es-tu-pret\/\"]}]},{\"@type\":\"ImageObject\",\"inLanguage\":\"fr-FR\",\"@id\":\"https:\/\/www.expotradegroup.com\/fr\/les-premieres-dates-de-course-sont-fixes-es-tu-pret\/#primaryimage\",\"url\":\"https:\/\/www.expotradegroup.com\/wp-content\/uploads\/2019\/06\/Zenklusen1.gif\",\"contentUrl\":\"https:\/\/www.expotradegroup.com\/wp-content\/uploads\/2019\/06\/Zenklusen1.gif\",\"width\":800,\"height\":489,\"caption\":\"tente pliable de course expotent\"},{\"@type\":\"BreadcrumbList\",\"@id\":\"https:\/\/www.expotradegroup.com\/fr\/les-premieres-dates-de-course-sont-fixes-es-tu-pret\/#breadcrumb\",\"itemListElement\":[{\"@type\":\"ListItem\",\"position\":1,\"name\":\"Home\",\"item\":\"https:\/\/www.expotradegroup.com\/fr\/tentes-pliantes-table-pliantes-sacs-de-feves\/\"},{\"@type\":\"ListItem\",\"position\":2,\"name\":\"les premi\u00e8res dates de course sont fixes! es-tu pr\u00eat?\"}]},{\"@type\":\"WebSite\",\"@id\":\"https:\/\/www.expotradegroup.com\/fr\/#website\",\"url\":\"https:\/\/www.expotradegroup.com\/fr\/\",\"name\":\"Expotrade\",\"description\":\"Faltzelte, Falttische, Sitzs\u00e4cke und mobile ideas\",\"potentialAction\":[{\"@type\":\"SearchAction\",\"target\":{\"@type\":\"EntryPoint\",\"urlTemplate\":\"https:\/\/www.expotradegroup.com\/fr\/?s={search_term_string}\"},\"query-input\":\"required name=search_term_string\"}],\"inLanguage\":\"fr-FR\"},{\"@type\":\"Person\",\"@id\":\"https:\/\/www.expotradegroup.com\/fr\/#\/schema\/person\/dc8fa530956d7ce5f3f6525b81f54691\",\"name\":\"Andreas Schnetzer\",\"sameAs\":[\"https:\/\/www.expotradegroup.com\",\"https:\/\/www.facebook.com\/expotradegroup\/\"],\"url\":\"https:\/\/www.expotradegroup.com\/fr\/author\/expouser\/\"}]}<\/script>\n<!-- \/ Yoast SEO plugin. -->","yoast_head_json":{"title":"les premi\u00e8res dates de course sont fixes! es-tu pr\u00eat?","description":"expotent tents pliantes pour l'industrie des courses. les premi\u00e8res dates de course 2020 sont fixes! es-tu pr\u00eat?","robots":{"index":"index","follow":"follow","max-snippet":"max-snippet:-1","max-image-preview":"max-image-preview:large","max-video-preview":"max-video-preview:-1"},"canonical":"https:\/\/www.expotradegroup.com\/fr\/les-premieres-dates-de-course-sont-fixes-es-tu-pret\/","og_locale":"fr_FR","og_type":"article","og_title":"les premi\u00e8res dates de course sont fixes! es-tu pr\u00eat?","og_description":"expotent tents pliantes pour l'industrie des courses. les premi\u00e8res dates de course 2020 sont fixes! es-tu pr\u00eat?","og_url":"https:\/\/www.expotradegroup.com\/fr\/les-premieres-dates-de-course-sont-fixes-es-tu-pret\/","og_site_name":"Expotrade","article_publisher":"https:\/\/www.facebook.com\/Expotrade-Group-Gmbh-Head-Office-501830963237226\/timeline\/","article_author":"https:\/\/www.facebook.com\/expotradegroup\/","article_published_time":"2020-04-15T15:58:18+00:00","og_image":[{"width":800,"height":489,"url":"https:\/\/www.expotradegroup.com\/wp-content\/uploads\/2019\/06\/Zenklusen1.gif","type":"image\/gif"}],"author":"Andreas Schnetzer","twitter_card":"summary_large_image","twitter_creator":"@Expotrade_Group","twitter_site":"@Expotrade_Group","twitter_misc":{"\u00c9crit par":"Andreas Schnetzer"},"schema":{"@context":"https:\/\/schema.org","@graph":[{"@type":"WebPage","@id":"https:\/\/www.expotradegroup.com\/fr\/les-premieres-dates-de-course-sont-fixes-es-tu-pret\/","url":"https:\/\/www.expotradegroup.com\/fr\/les-premieres-dates-de-course-sont-fixes-es-tu-pret\/","name":"les premi\u00e8res dates de course sont fixes! es-tu pr\u00eat?","isPartOf":{"@id":"https:\/\/www.expotradegroup.com\/fr\/#website"},"primaryImageOfPage":{"@id":"https:\/\/www.expotradegroup.com\/fr\/les-premieres-dates-de-course-sont-fixes-es-tu-pret\/#primaryimage"},"image":{"@id":"https:\/\/www.expotradegroup.com\/fr\/les-premieres-dates-de-course-sont-fixes-es-tu-pret\/#primaryimage"},"thumbnailUrl":"https:\/\/www.expotradegroup.com\/wp-content\/uploads\/2019\/06\/Zenklusen1.gif","datePublished":"2020-04-15T15:58:18+00:00","dateModified":"2020-04-15T15:58:18+00:00","author":{"@id":"https:\/\/www.expotradegroup.com\/fr\/#\/schema\/person\/dc8fa530956d7ce5f3f6525b81f54691"},"description":"expotent tents pliantes pour l'industrie des courses. les premi\u00e8res dates de course 2020 sont fixes! es-tu pr\u00eat?","breadcrumb":{"@id":"https:\/\/www.expotradegroup.com\/fr\/les-premieres-dates-de-course-sont-fixes-es-tu-pret\/#breadcrumb"},"inLanguage":"fr-FR","potentialAction":[{"@type":"ReadAction","target":["https:\/\/www.expotradegroup.com\/fr\/les-premieres-dates-de-course-sont-fixes-es-tu-pret\/"]}]},{"@type":"ImageObject","inLanguage":"fr-FR","@id":"https:\/\/www.expotradegroup.com\/fr\/les-premieres-dates-de-course-sont-fixes-es-tu-pret\/#primaryimage","url":"https:\/\/www.expotradegroup.com\/wp-content\/uploads\/2019\/06\/Zenklusen1.gif","contentUrl":"https:\/\/www.expotradegroup.com\/wp-content\/uploads\/2019\/06\/Zenklusen1.gif","width":800,"height":489,"caption":"tente pliable de course expotent"},{"@type":"BreadcrumbList","@id":"https:\/\/www.expotradegroup.com\/fr\/les-premieres-dates-de-course-sont-fixes-es-tu-pret\/#breadcrumb","itemListElement":[{"@type":"ListItem","position":1,"name":"Home","item":"https:\/\/www.expotradegroup.com\/fr\/tentes-pliantes-table-pliantes-sacs-de-feves\/"},{"@type":"ListItem","position":2,"name":"les premi\u00e8res dates de course sont fixes! es-tu pr\u00eat?"}]},{"@type":"WebSite","@id":"https:\/\/www.expotradegroup.com\/fr\/#website","url":"https:\/\/www.expotradegroup.com\/fr\/","name":"Expotrade","description":"Faltzelte, Falttische, Sitzs\u00e4cke und mobile ideas","potentialAction":[{"@type":"SearchAction","target":{"@type":"EntryPoint","urlTemplate":"https:\/\/www.expotradegroup.com\/fr\/?s={search_term_string}"},"query-input":"required name=search_term_string"}],"inLanguage":"fr-FR"},{"@type":"Person","@id":"https:\/\/www.expotradegroup.com\/fr\/#\/schema\/person\/dc8fa530956d7ce5f3f6525b81f54691","name":"Andreas Schnetzer","sameAs":["https:\/\/www.expotradegroup.com","https:\/\/www.facebook.com\/expotradegroup\/"],"url":"https:\/\/www.expotradegroup.com\/fr\/author\/expouser\/"}]}},"_links":{"self":[{"href":"https:\/\/www.expotradegroup.com\/fr\/wp-json\/wp\/v2\/posts\/14789"}],"collection":[{"href":"https:\/\/www.expotradegroup.com\/fr\/wp-json\/wp\/v2\/posts"}],"about":[{"href":"https:\/\/www.expotradegroup.com\/fr\/wp-json\/wp\/v2\/types\/post"}],"author":[{"embeddable":true,"href":"https:\/\/www.expotradegroup.com\/fr\/wp-json\/wp\/v2\/users\/3"}],"replies":[{"embeddable":true,"href":"https:\/\/www.expotradegroup.com\/fr\/wp-json\/wp\/v2\/comments?post=14789"}],"version-history":[{"count":2,"href":"https:\/\/www.expotradegroup.com\/fr\/wp-json\/wp\/v2\/posts\/14789\/revisions"}],"predecessor-version":[{"id":14791,"href":"https:\/\/www.expotradegroup.com\/fr\/wp-json\/wp\/v2\/posts\/14789\/revisions\/14791"}],"wp:featuredmedia":[{"embeddable":true,"href":"https:\/\/www.expotradegroup.com\/fr\/wp-json\/wp\/v2\/media\/14017"}],"wp:attachment":[{"href":"https:\/\/www.expotradegroup.com\/fr\/wp-json\/wp\/v2\/media?parent=14789"}],"wp:term":[{"taxonomy":"category","embeddable":true,"href":"https:\/\/www.expotradegroup.com\/fr\/wp-json\/wp\/v2\/categories?post=14789"},{"taxonomy":"post_tag","embeddable":true,"href":"https:\/\/www.expotradegroup.com\/fr\/wp-json\/wp\/v2\/tags?post=14789"}],"curies":[{"name":"wp","href":"https:\/\/api.w.org\/{rel}","templated":true}]}}