{"id":28964,"date":"2020-08-10T18:24:14","date_gmt":"2020-08-10T16:24:14","guid":{"rendered":"https:\/\/www.expotradegroup.com\/?p=28964"},"modified":"2020-08-10T18:24:14","modified_gmt":"2020-08-10T16:24:14","slug":"exporelax-pouf-la-facon-relaxante-de-profiter-de-vos-vacances-a-la-maison","status":"publish","type":"post","link":"https:\/\/www.expotradegroup.com\/fr\/exporelax-pouf-la-facon-relaxante-de-profiter-de-vos-vacances-a-la-maison\/","title":{"rendered":"exporelax pouf &#8211; la fa\u00e7on relaxante de profiter de vos vacances \u00e0 la maison"},"content":{"rendered":"<p><span lang=\"fr\">Les poufs exporelax sont le compl\u00e9ment id\u00e9al \u00e0 votre terrasse ou jardin. Le \u00ab\u00a0dossier\u00a0\u00bb confortable permet de se d\u00e9tendre facilement dans ce pouf et vous pouvez \u00e0 nouveau sortir de ce sac de d\u00e9tente. Le pouf peut \u00eatre imprim\u00e9 partout dans n&rsquo;importe quel design et convient donc par ex. \u00e9galement comme cadeau d&rsquo;anniversaire id\u00e9al.<\/span><\/p>\n<div id=\"tw-target-rmn-container\" class=\"tw-ta-container hide-focus-ring tw-nfl\">\n<pre id=\"tw-target-rmn\" class=\"tw-data-placeholder tw-text-small tw-ta\" dir=\"ltr\" data-placeholder=\"\"><\/pre>\n<\/div>\n","protected":false},"excerpt":{"rendered":"<p>Les poufs exporelax sont le compl\u00e9ment id\u00e9al \u00e0 votre terrasse ou jardin. Le \u00ab\u00a0dossier\u00a0\u00bb confortable permet de se d\u00e9tendre facilement dans ce pouf et vous pouvez \u00e0 nouveau sortir de ce sac de d\u00e9tente. Le pouf peut \u00eatre imprim\u00e9 partout dans n&rsquo;importe quel design et convient donc par ex. \u00e9galement comme cadeau d&rsquo;anniversaire id\u00e9al.<\/p>\n","protected":false},"author":3,"featured_media":28960,"comment_status":"closed","ping_status":"open","sticky":false,"template":"","format":"standard","meta":{"footnotes":""},"categories":[3],"tags":[],"class_list":["post-28964","post","type-post","status-publish","format-standard","has-post-thumbnail","hentry","category-non-classifiee"],"yoast_head":"<!-- This site is optimized with the Yoast SEO plugin v23.2 - https:\/\/yoast.com\/wordpress\/plugins\/seo\/ -->\n<title>exporelax pouf - la fa\u00e7on relaxante de profiter de vos vacances \u00e0 la maison<\/title>\n<meta name=\"description\" content=\"Les poufs exporelax sont le compl\u00e9ment id\u00e9al \u00e0 votre terrasse ou jardin. Le &quot;dossier&quot; confortable permet de se d\u00e9tendre facilement dans ce pouf\" \/>\n<meta name=\"robots\" content=\"index, follow, max-snippet:-1, max-image-preview:large, max-video-preview:-1\" \/>\n<link rel=\"canonical\" href=\"https:\/\/www.expotradegroup.com\/fr\/exporelax-pouf-la-facon-relaxante-de-profiter-de-vos-vacances-a-la-maison\/\" \/>\n<meta property=\"og:locale\" content=\"fr_FR\" \/>\n<meta property=\"og:type\" content=\"article\" \/>\n<meta property=\"og:title\" content=\"exporelax pouf - la fa\u00e7on relaxante de profiter de vos vacances \u00e0 la maison\" \/>\n<meta property=\"og:description\" content=\"Les poufs exporelax sont le compl\u00e9ment id\u00e9al \u00e0 votre terrasse ou jardin. Le &quot;dossier&quot; confortable permet de se d\u00e9tendre facilement dans ce pouf\" \/>\n<meta property=\"og:url\" content=\"https:\/\/www.expotradegroup.com\/fr\/exporelax-pouf-la-facon-relaxante-de-profiter-de-vos-vacances-a-la-maison\/\" \/>\n<meta property=\"og:site_name\" content=\"Expotrade\" \/>\n<meta property=\"article:publisher\" content=\"https:\/\/www.facebook.com\/Expotrade-Group-Gmbh-Head-Office-501830963237226\/timeline\/\" \/>\n<meta property=\"article:author\" content=\"https:\/\/www.facebook.com\/expotradegroup\/\" \/>\n<meta property=\"article:published_time\" content=\"2020-08-10T16:24:14+00:00\" \/>\n<meta property=\"og:image\" content=\"https:\/\/www.expotradegroup.com\/wp-content\/uploads\/2020\/08\/exporelax_home1.gif\" \/>\n\t<meta property=\"og:image:width\" content=\"500\" \/>\n\t<meta property=\"og:image:height\" content=\"509\" \/>\n\t<meta property=\"og:image:type\" content=\"image\/gif\" \/>\n<meta name=\"author\" content=\"Andreas Schnetzer\" \/>\n<meta name=\"twitter:card\" content=\"summary_large_image\" \/>\n<meta name=\"twitter:creator\" content=\"@Expotrade_Group\" \/>\n<meta name=\"twitter:site\" content=\"@Expotrade_Group\" \/>\n<meta name=\"twitter:label1\" content=\"\u00c9crit par\" \/>\n\t<meta name=\"twitter:data1\" content=\"Andreas Schnetzer\" \/>\n<script type=\"application\/ld+json\" class=\"yoast-schema-graph\">{\"@context\":\"https:\/\/schema.org\",\"@graph\":[{\"@type\":\"WebPage\",\"@id\":\"https:\/\/www.expotradegroup.com\/fr\/exporelax-pouf-la-facon-relaxante-de-profiter-de-vos-vacances-a-la-maison\/\",\"url\":\"https:\/\/www.expotradegroup.com\/fr\/exporelax-pouf-la-facon-relaxante-de-profiter-de-vos-vacances-a-la-maison\/\",\"name\":\"exporelax pouf - la fa\u00e7on relaxante de profiter de vos vacances \u00e0 la maison\",\"isPartOf\":{\"@id\":\"https:\/\/www.expotradegroup.com\/fr\/#website\"},\"primaryImageOfPage\":{\"@id\":\"https:\/\/www.expotradegroup.com\/fr\/exporelax-pouf-la-facon-relaxante-de-profiter-de-vos-vacances-a-la-maison\/#primaryimage\"},\"image\":{\"@id\":\"https:\/\/www.expotradegroup.com\/fr\/exporelax-pouf-la-facon-relaxante-de-profiter-de-vos-vacances-a-la-maison\/#primaryimage\"},\"thumbnailUrl\":\"https:\/\/www.expotradegroup.com\/wp-content\/uploads\/2020\/08\/exporelax_home1.gif\",\"datePublished\":\"2020-08-10T16:24:14+00:00\",\"dateModified\":\"2020-08-10T16:24:14+00:00\",\"author\":{\"@id\":\"https:\/\/www.expotradegroup.com\/fr\/#\/schema\/person\/dc8fa530956d7ce5f3f6525b81f54691\"},\"description\":\"Les poufs exporelax sont le compl\u00e9ment id\u00e9al \u00e0 votre terrasse ou jardin. Le \\\"dossier\\\" confortable permet de se d\u00e9tendre facilement dans ce pouf\",\"breadcrumb\":{\"@id\":\"https:\/\/www.expotradegroup.com\/fr\/exporelax-pouf-la-facon-relaxante-de-profiter-de-vos-vacances-a-la-maison\/#breadcrumb\"},\"inLanguage\":\"fr-FR\",\"potentialAction\":[{\"@type\":\"ReadAction\",\"target\":[\"https:\/\/www.expotradegroup.com\/fr\/exporelax-pouf-la-facon-relaxante-de-profiter-de-vos-vacances-a-la-maison\/\"]}]},{\"@type\":\"ImageObject\",\"inLanguage\":\"fr-FR\",\"@id\":\"https:\/\/www.expotradegroup.com\/fr\/exporelax-pouf-la-facon-relaxante-de-profiter-de-vos-vacances-a-la-maison\/#primaryimage\",\"url\":\"https:\/\/www.expotradegroup.com\/wp-content\/uploads\/2020\/08\/exporelax_home1.gif\",\"contentUrl\":\"https:\/\/www.expotradegroup.com\/wp-content\/uploads\/2020\/08\/exporelax_home1.gif\",\"width\":500,\"height\":509,\"caption\":\"exporelax pouf\"},{\"@type\":\"BreadcrumbList\",\"@id\":\"https:\/\/www.expotradegroup.com\/fr\/exporelax-pouf-la-facon-relaxante-de-profiter-de-vos-vacances-a-la-maison\/#breadcrumb\",\"itemListElement\":[{\"@type\":\"ListItem\",\"position\":1,\"name\":\"Home\",\"item\":\"https:\/\/www.expotradegroup.com\/fr\/tentes-pliantes-table-pliantes-sacs-de-feves\/\"},{\"@type\":\"ListItem\",\"position\":2,\"name\":\"exporelax pouf &#8211; la fa\u00e7on relaxante de profiter de vos vacances \u00e0 la maison\"}]},{\"@type\":\"WebSite\",\"@id\":\"https:\/\/www.expotradegroup.com\/fr\/#website\",\"url\":\"https:\/\/www.expotradegroup.com\/fr\/\",\"name\":\"Expotrade\",\"description\":\"Faltzelte, Falttische, Sitzs\u00e4cke und mobile ideas\",\"potentialAction\":[{\"@type\":\"SearchAction\",\"target\":{\"@type\":\"EntryPoint\",\"urlTemplate\":\"https:\/\/www.expotradegroup.com\/fr\/?s={search_term_string}\"},\"query-input\":\"required name=search_term_string\"}],\"inLanguage\":\"fr-FR\"},{\"@type\":\"Person\",\"@id\":\"https:\/\/www.expotradegroup.com\/fr\/#\/schema\/person\/dc8fa530956d7ce5f3f6525b81f54691\",\"name\":\"Andreas Schnetzer\",\"sameAs\":[\"https:\/\/www.expotradegroup.com\",\"https:\/\/www.facebook.com\/expotradegroup\/\"],\"url\":\"https:\/\/www.expotradegroup.com\/fr\/author\/expouser\/\"}]}<\/script>\n<!-- \/ Yoast SEO plugin. -->","yoast_head_json":{"title":"exporelax pouf - la fa\u00e7on relaxante de profiter de vos vacances \u00e0 la maison","description":"Les poufs exporelax sont le compl\u00e9ment id\u00e9al \u00e0 votre terrasse ou jardin. Le \"dossier\" confortable permet de se d\u00e9tendre facilement dans ce pouf","robots":{"index":"index","follow":"follow","max-snippet":"max-snippet:-1","max-image-preview":"max-image-preview:large","max-video-preview":"max-video-preview:-1"},"canonical":"https:\/\/www.expotradegroup.com\/fr\/exporelax-pouf-la-facon-relaxante-de-profiter-de-vos-vacances-a-la-maison\/","og_locale":"fr_FR","og_type":"article","og_title":"exporelax pouf - la fa\u00e7on relaxante de profiter de vos vacances \u00e0 la maison","og_description":"Les poufs exporelax sont le compl\u00e9ment id\u00e9al \u00e0 votre terrasse ou jardin. Le \"dossier\" confortable permet de se d\u00e9tendre facilement dans ce pouf","og_url":"https:\/\/www.expotradegroup.com\/fr\/exporelax-pouf-la-facon-relaxante-de-profiter-de-vos-vacances-a-la-maison\/","og_site_name":"Expotrade","article_publisher":"https:\/\/www.facebook.com\/Expotrade-Group-Gmbh-Head-Office-501830963237226\/timeline\/","article_author":"https:\/\/www.facebook.com\/expotradegroup\/","article_published_time":"2020-08-10T16:24:14+00:00","og_image":[{"width":500,"height":509,"url":"https:\/\/www.expotradegroup.com\/wp-content\/uploads\/2020\/08\/exporelax_home1.gif","type":"image\/gif"}],"author":"Andreas Schnetzer","twitter_card":"summary_large_image","twitter_creator":"@Expotrade_Group","twitter_site":"@Expotrade_Group","twitter_misc":{"\u00c9crit par":"Andreas Schnetzer"},"schema":{"@context":"https:\/\/schema.org","@graph":[{"@type":"WebPage","@id":"https:\/\/www.expotradegroup.com\/fr\/exporelax-pouf-la-facon-relaxante-de-profiter-de-vos-vacances-a-la-maison\/","url":"https:\/\/www.expotradegroup.com\/fr\/exporelax-pouf-la-facon-relaxante-de-profiter-de-vos-vacances-a-la-maison\/","name":"exporelax pouf - la fa\u00e7on relaxante de profiter de vos vacances \u00e0 la maison","isPartOf":{"@id":"https:\/\/www.expotradegroup.com\/fr\/#website"},"primaryImageOfPage":{"@id":"https:\/\/www.expotradegroup.com\/fr\/exporelax-pouf-la-facon-relaxante-de-profiter-de-vos-vacances-a-la-maison\/#primaryimage"},"image":{"@id":"https:\/\/www.expotradegroup.com\/fr\/exporelax-pouf-la-facon-relaxante-de-profiter-de-vos-vacances-a-la-maison\/#primaryimage"},"thumbnailUrl":"https:\/\/www.expotradegroup.com\/wp-content\/uploads\/2020\/08\/exporelax_home1.gif","datePublished":"2020-08-10T16:24:14+00:00","dateModified":"2020-08-10T16:24:14+00:00","author":{"@id":"https:\/\/www.expotradegroup.com\/fr\/#\/schema\/person\/dc8fa530956d7ce5f3f6525b81f54691"},"description":"Les poufs exporelax sont le compl\u00e9ment id\u00e9al \u00e0 votre terrasse ou jardin. Le \"dossier\" confortable permet de se d\u00e9tendre facilement dans ce pouf","breadcrumb":{"@id":"https:\/\/www.expotradegroup.com\/fr\/exporelax-pouf-la-facon-relaxante-de-profiter-de-vos-vacances-a-la-maison\/#breadcrumb"},"inLanguage":"fr-FR","potentialAction":[{"@type":"ReadAction","target":["https:\/\/www.expotradegroup.com\/fr\/exporelax-pouf-la-facon-relaxante-de-profiter-de-vos-vacances-a-la-maison\/"]}]},{"@type":"ImageObject","inLanguage":"fr-FR","@id":"https:\/\/www.expotradegroup.com\/fr\/exporelax-pouf-la-facon-relaxante-de-profiter-de-vos-vacances-a-la-maison\/#primaryimage","url":"https:\/\/www.expotradegroup.com\/wp-content\/uploads\/2020\/08\/exporelax_home1.gif","contentUrl":"https:\/\/www.expotradegroup.com\/wp-content\/uploads\/2020\/08\/exporelax_home1.gif","width":500,"height":509,"caption":"exporelax pouf"},{"@type":"BreadcrumbList","@id":"https:\/\/www.expotradegroup.com\/fr\/exporelax-pouf-la-facon-relaxante-de-profiter-de-vos-vacances-a-la-maison\/#breadcrumb","itemListElement":[{"@type":"ListItem","position":1,"name":"Home","item":"https:\/\/www.expotradegroup.com\/fr\/tentes-pliantes-table-pliantes-sacs-de-feves\/"},{"@type":"ListItem","position":2,"name":"exporelax pouf &#8211; la fa\u00e7on relaxante de profiter de vos vacances \u00e0 la maison"}]},{"@type":"WebSite","@id":"https:\/\/www.expotradegroup.com\/fr\/#website","url":"https:\/\/www.expotradegroup.com\/fr\/","name":"Expotrade","description":"Faltzelte, Falttische, Sitzs\u00e4cke und mobile ideas","potentialAction":[{"@type":"SearchAction","target":{"@type":"EntryPoint","urlTemplate":"https:\/\/www.expotradegroup.com\/fr\/?s={search_term_string}"},"query-input":"required name=search_term_string"}],"inLanguage":"fr-FR"},{"@type":"Person","@id":"https:\/\/www.expotradegroup.com\/fr\/#\/schema\/person\/dc8fa530956d7ce5f3f6525b81f54691","name":"Andreas Schnetzer","sameAs":["https:\/\/www.expotradegroup.com","https:\/\/www.facebook.com\/expotradegroup\/"],"url":"https:\/\/www.expotradegroup.com\/fr\/author\/expouser\/"}]}},"_links":{"self":[{"href":"https:\/\/www.expotradegroup.com\/fr\/wp-json\/wp\/v2\/posts\/28964"}],"collection":[{"href":"https:\/\/www.expotradegroup.com\/fr\/wp-json\/wp\/v2\/posts"}],"about":[{"href":"https:\/\/www.expotradegroup.com\/fr\/wp-json\/wp\/v2\/types\/post"}],"author":[{"embeddable":true,"href":"https:\/\/www.expotradegroup.com\/fr\/wp-json\/wp\/v2\/users\/3"}],"replies":[{"embeddable":true,"href":"https:\/\/www.expotradegroup.com\/fr\/wp-json\/wp\/v2\/comments?post=28964"}],"version-history":[{"count":2,"href":"https:\/\/www.expotradegroup.com\/fr\/wp-json\/wp\/v2\/posts\/28964\/revisions"}],"predecessor-version":[{"id":28966,"href":"https:\/\/www.expotradegroup.com\/fr\/wp-json\/wp\/v2\/posts\/28964\/revisions\/28966"}],"wp:featuredmedia":[{"embeddable":true,"href":"https:\/\/www.expotradegroup.com\/fr\/wp-json\/wp\/v2\/media\/28960"}],"wp:attachment":[{"href":"https:\/\/www.expotradegroup.com\/fr\/wp-json\/wp\/v2\/media?parent=28964"}],"wp:term":[{"taxonomy":"category","embeddable":true,"href":"https:\/\/www.expotradegroup.com\/fr\/wp-json\/wp\/v2\/categories?post=28964"},{"taxonomy":"post_tag","embeddable":true,"href":"https:\/\/www.expotradegroup.com\/fr\/wp-json\/wp\/v2\/tags?post=28964"}],"curies":[{"name":"wp","href":"https:\/\/api.w.org\/{rel}","templated":true}]}}