{"id":33842,"date":"2021-03-05T13:11:02","date_gmt":"2021-03-05T12:11:02","guid":{"rendered":"https:\/\/www.expotradegroup.com\/?p=33842"},"modified":"2021-03-05T13:11:02","modified_gmt":"2021-03-05T12:11:02","slug":"nous-sommes-prets-pour-la-saison","status":"publish","type":"post","link":"https:\/\/www.expotradegroup.com\/fr\/nous-sommes-prets-pour-la-saison\/","title":{"rendered":"Nous sommes PR\u00caTS pour la saison!"},"content":{"rendered":"<p><span lang=\"fr\">Nous sommes pr\u00eats pour la saison \u00e0 venir et esp\u00e9rons que bient\u00f4t nos clients pourront commencer la saison des \u00e9v\u00e9nements. Nous avons beaucoup de produits \u00e9v\u00e9nementiels pour vous, des tentes pliantes, Dometents \u00e0 notre toute nouvelle table pliante. V\u00e9rifiez-le simplement sur notre site Web.<\/span><\/p>\n","protected":false},"excerpt":{"rendered":"<p>Nous sommes pr\u00eats pour la saison \u00e0 venir et esp\u00e9rons que bient\u00f4t nos clients pourront commencer la saison des \u00e9v\u00e9nements. Nous avons beaucoup de produits \u00e9v\u00e9nementiels pour vous, des tentes pliantes, Dometents \u00e0 notre toute nouvelle table pliante. V\u00e9rifiez-le simplement sur notre site Web.<\/p>\n","protected":false},"author":3,"featured_media":33837,"comment_status":"closed","ping_status":"open","sticky":false,"template":"","format":"standard","meta":{"footnotes":""},"categories":[3],"tags":[],"class_list":["post-33842","post","type-post","status-publish","format-standard","has-post-thumbnail","hentry","category-non-classifiee"],"yoast_head":"<!-- This site is optimized with the Yoast SEO plugin v23.2 - https:\/\/yoast.com\/wordpress\/plugins\/seo\/ -->\n<title>PR\u00caTS pour la saison? Expotrade propose de nombreux produits<\/title>\n<meta name=\"description\" content=\"pr\u00eats pour la saison? Nous avons beaucoup de produits \u00e9v\u00e9nementiels pour vous, des tentes pliantes, Dometents \u00e0 notre toute nouvelle table pliante.\" \/>\n<meta name=\"robots\" content=\"index, follow, max-snippet:-1, max-image-preview:large, max-video-preview:-1\" \/>\n<link rel=\"canonical\" href=\"https:\/\/www.expotradegroup.com\/fr\/nous-sommes-prets-pour-la-saison\/\" \/>\n<meta property=\"og:locale\" content=\"fr_FR\" \/>\n<meta property=\"og:type\" content=\"article\" \/>\n<meta property=\"og:title\" content=\"PR\u00caTS pour la saison? Expotrade propose de nombreux produits\" \/>\n<meta property=\"og:description\" content=\"pr\u00eats pour la saison? Nous avons beaucoup de produits \u00e9v\u00e9nementiels pour vous, des tentes pliantes, Dometents \u00e0 notre toute nouvelle table pliante.\" \/>\n<meta property=\"og:url\" content=\"https:\/\/www.expotradegroup.com\/fr\/nous-sommes-prets-pour-la-saison\/\" \/>\n<meta property=\"og:site_name\" content=\"Expotrade\" \/>\n<meta property=\"article:publisher\" content=\"https:\/\/www.facebook.com\/Expotrade-Group-Gmbh-Head-Office-501830963237226\/timeline\/\" \/>\n<meta property=\"article:author\" content=\"https:\/\/www.facebook.com\/expotradegroup\/\" \/>\n<meta property=\"article:published_time\" content=\"2021-03-05T12:11:02+00:00\" \/>\n<meta property=\"og:image\" content=\"https:\/\/www.expotradegroup.com\/wp-content\/uploads\/2021\/03\/expodome_expotrade.jpg\" \/>\n\t<meta property=\"og:image:width\" content=\"800\" \/>\n\t<meta property=\"og:image:height\" content=\"600\" \/>\n\t<meta property=\"og:image:type\" content=\"image\/jpeg\" \/>\n<meta name=\"author\" content=\"Andreas Schnetzer\" \/>\n<meta name=\"twitter:card\" content=\"summary_large_image\" \/>\n<meta name=\"twitter:creator\" content=\"@Expotrade_Group\" \/>\n<meta name=\"twitter:site\" content=\"@Expotrade_Group\" \/>\n<meta name=\"twitter:label1\" content=\"\u00c9crit par\" \/>\n\t<meta name=\"twitter:data1\" content=\"Andreas Schnetzer\" \/>\n<script type=\"application\/ld+json\" class=\"yoast-schema-graph\">{\"@context\":\"https:\/\/schema.org\",\"@graph\":[{\"@type\":\"WebPage\",\"@id\":\"https:\/\/www.expotradegroup.com\/fr\/nous-sommes-prets-pour-la-saison\/\",\"url\":\"https:\/\/www.expotradegroup.com\/fr\/nous-sommes-prets-pour-la-saison\/\",\"name\":\"PR\u00caTS pour la saison? Expotrade propose de nombreux produits\",\"isPartOf\":{\"@id\":\"https:\/\/www.expotradegroup.com\/fr\/#website\"},\"primaryImageOfPage\":{\"@id\":\"https:\/\/www.expotradegroup.com\/fr\/nous-sommes-prets-pour-la-saison\/#primaryimage\"},\"image\":{\"@id\":\"https:\/\/www.expotradegroup.com\/fr\/nous-sommes-prets-pour-la-saison\/#primaryimage\"},\"thumbnailUrl\":\"https:\/\/www.expotradegroup.com\/wp-content\/uploads\/2021\/03\/expodome_expotrade.jpg\",\"datePublished\":\"2021-03-05T12:11:02+00:00\",\"dateModified\":\"2021-03-05T12:11:02+00:00\",\"author\":{\"@id\":\"https:\/\/www.expotradegroup.com\/fr\/#\/schema\/person\/dc8fa530956d7ce5f3f6525b81f54691\"},\"description\":\"pr\u00eats pour la saison? Nous avons beaucoup de produits \u00e9v\u00e9nementiels pour vous, des tentes pliantes, Dometents \u00e0 notre toute nouvelle table pliante.\",\"breadcrumb\":{\"@id\":\"https:\/\/www.expotradegroup.com\/fr\/nous-sommes-prets-pour-la-saison\/#breadcrumb\"},\"inLanguage\":\"fr-FR\",\"potentialAction\":[{\"@type\":\"ReadAction\",\"target\":[\"https:\/\/www.expotradegroup.com\/fr\/nous-sommes-prets-pour-la-saison\/\"]}]},{\"@type\":\"ImageObject\",\"inLanguage\":\"fr-FR\",\"@id\":\"https:\/\/www.expotradegroup.com\/fr\/nous-sommes-prets-pour-la-saison\/#primaryimage\",\"url\":\"https:\/\/www.expotradegroup.com\/wp-content\/uploads\/2021\/03\/expodome_expotrade.jpg\",\"contentUrl\":\"https:\/\/www.expotradegroup.com\/wp-content\/uploads\/2021\/03\/expodome_expotrade.jpg\",\"width\":800,\"height\":600,\"caption\":\"Expodome Dometent eyecatcher\"},{\"@type\":\"BreadcrumbList\",\"@id\":\"https:\/\/www.expotradegroup.com\/fr\/nous-sommes-prets-pour-la-saison\/#breadcrumb\",\"itemListElement\":[{\"@type\":\"ListItem\",\"position\":1,\"name\":\"Home\",\"item\":\"https:\/\/www.expotradegroup.com\/fr\/tentes-pliantes-table-pliantes-sacs-de-feves\/\"},{\"@type\":\"ListItem\",\"position\":2,\"name\":\"Nous sommes PR\u00caTS pour la saison!\"}]},{\"@type\":\"WebSite\",\"@id\":\"https:\/\/www.expotradegroup.com\/fr\/#website\",\"url\":\"https:\/\/www.expotradegroup.com\/fr\/\",\"name\":\"Expotrade\",\"description\":\"Faltzelte, Falttische, Sitzs\u00e4cke und mobile ideas\",\"potentialAction\":[{\"@type\":\"SearchAction\",\"target\":{\"@type\":\"EntryPoint\",\"urlTemplate\":\"https:\/\/www.expotradegroup.com\/fr\/?s={search_term_string}\"},\"query-input\":\"required name=search_term_string\"}],\"inLanguage\":\"fr-FR\"},{\"@type\":\"Person\",\"@id\":\"https:\/\/www.expotradegroup.com\/fr\/#\/schema\/person\/dc8fa530956d7ce5f3f6525b81f54691\",\"name\":\"Andreas Schnetzer\",\"sameAs\":[\"https:\/\/www.expotradegroup.com\",\"https:\/\/www.facebook.com\/expotradegroup\/\"],\"url\":\"https:\/\/www.expotradegroup.com\/fr\/author\/expouser\/\"}]}<\/script>\n<!-- \/ Yoast SEO plugin. -->","yoast_head_json":{"title":"PR\u00caTS pour la saison? Expotrade propose de nombreux produits","description":"pr\u00eats pour la saison? Nous avons beaucoup de produits \u00e9v\u00e9nementiels pour vous, des tentes pliantes, Dometents \u00e0 notre toute nouvelle table pliante.","robots":{"index":"index","follow":"follow","max-snippet":"max-snippet:-1","max-image-preview":"max-image-preview:large","max-video-preview":"max-video-preview:-1"},"canonical":"https:\/\/www.expotradegroup.com\/fr\/nous-sommes-prets-pour-la-saison\/","og_locale":"fr_FR","og_type":"article","og_title":"PR\u00caTS pour la saison? Expotrade propose de nombreux produits","og_description":"pr\u00eats pour la saison? Nous avons beaucoup de produits \u00e9v\u00e9nementiels pour vous, des tentes pliantes, Dometents \u00e0 notre toute nouvelle table pliante.","og_url":"https:\/\/www.expotradegroup.com\/fr\/nous-sommes-prets-pour-la-saison\/","og_site_name":"Expotrade","article_publisher":"https:\/\/www.facebook.com\/Expotrade-Group-Gmbh-Head-Office-501830963237226\/timeline\/","article_author":"https:\/\/www.facebook.com\/expotradegroup\/","article_published_time":"2021-03-05T12:11:02+00:00","og_image":[{"width":800,"height":600,"url":"https:\/\/www.expotradegroup.com\/wp-content\/uploads\/2021\/03\/expodome_expotrade.jpg","type":"image\/jpeg"}],"author":"Andreas Schnetzer","twitter_card":"summary_large_image","twitter_creator":"@Expotrade_Group","twitter_site":"@Expotrade_Group","twitter_misc":{"\u00c9crit par":"Andreas Schnetzer"},"schema":{"@context":"https:\/\/schema.org","@graph":[{"@type":"WebPage","@id":"https:\/\/www.expotradegroup.com\/fr\/nous-sommes-prets-pour-la-saison\/","url":"https:\/\/www.expotradegroup.com\/fr\/nous-sommes-prets-pour-la-saison\/","name":"PR\u00caTS pour la saison? Expotrade propose de nombreux produits","isPartOf":{"@id":"https:\/\/www.expotradegroup.com\/fr\/#website"},"primaryImageOfPage":{"@id":"https:\/\/www.expotradegroup.com\/fr\/nous-sommes-prets-pour-la-saison\/#primaryimage"},"image":{"@id":"https:\/\/www.expotradegroup.com\/fr\/nous-sommes-prets-pour-la-saison\/#primaryimage"},"thumbnailUrl":"https:\/\/www.expotradegroup.com\/wp-content\/uploads\/2021\/03\/expodome_expotrade.jpg","datePublished":"2021-03-05T12:11:02+00:00","dateModified":"2021-03-05T12:11:02+00:00","author":{"@id":"https:\/\/www.expotradegroup.com\/fr\/#\/schema\/person\/dc8fa530956d7ce5f3f6525b81f54691"},"description":"pr\u00eats pour la saison? Nous avons beaucoup de produits \u00e9v\u00e9nementiels pour vous, des tentes pliantes, Dometents \u00e0 notre toute nouvelle table pliante.","breadcrumb":{"@id":"https:\/\/www.expotradegroup.com\/fr\/nous-sommes-prets-pour-la-saison\/#breadcrumb"},"inLanguage":"fr-FR","potentialAction":[{"@type":"ReadAction","target":["https:\/\/www.expotradegroup.com\/fr\/nous-sommes-prets-pour-la-saison\/"]}]},{"@type":"ImageObject","inLanguage":"fr-FR","@id":"https:\/\/www.expotradegroup.com\/fr\/nous-sommes-prets-pour-la-saison\/#primaryimage","url":"https:\/\/www.expotradegroup.com\/wp-content\/uploads\/2021\/03\/expodome_expotrade.jpg","contentUrl":"https:\/\/www.expotradegroup.com\/wp-content\/uploads\/2021\/03\/expodome_expotrade.jpg","width":800,"height":600,"caption":"Expodome Dometent eyecatcher"},{"@type":"BreadcrumbList","@id":"https:\/\/www.expotradegroup.com\/fr\/nous-sommes-prets-pour-la-saison\/#breadcrumb","itemListElement":[{"@type":"ListItem","position":1,"name":"Home","item":"https:\/\/www.expotradegroup.com\/fr\/tentes-pliantes-table-pliantes-sacs-de-feves\/"},{"@type":"ListItem","position":2,"name":"Nous sommes PR\u00caTS pour la saison!"}]},{"@type":"WebSite","@id":"https:\/\/www.expotradegroup.com\/fr\/#website","url":"https:\/\/www.expotradegroup.com\/fr\/","name":"Expotrade","description":"Faltzelte, Falttische, Sitzs\u00e4cke und mobile ideas","potentialAction":[{"@type":"SearchAction","target":{"@type":"EntryPoint","urlTemplate":"https:\/\/www.expotradegroup.com\/fr\/?s={search_term_string}"},"query-input":"required name=search_term_string"}],"inLanguage":"fr-FR"},{"@type":"Person","@id":"https:\/\/www.expotradegroup.com\/fr\/#\/schema\/person\/dc8fa530956d7ce5f3f6525b81f54691","name":"Andreas Schnetzer","sameAs":["https:\/\/www.expotradegroup.com","https:\/\/www.facebook.com\/expotradegroup\/"],"url":"https:\/\/www.expotradegroup.com\/fr\/author\/expouser\/"}]}},"_links":{"self":[{"href":"https:\/\/www.expotradegroup.com\/fr\/wp-json\/wp\/v2\/posts\/33842"}],"collection":[{"href":"https:\/\/www.expotradegroup.com\/fr\/wp-json\/wp\/v2\/posts"}],"about":[{"href":"https:\/\/www.expotradegroup.com\/fr\/wp-json\/wp\/v2\/types\/post"}],"author":[{"embeddable":true,"href":"https:\/\/www.expotradegroup.com\/fr\/wp-json\/wp\/v2\/users\/3"}],"replies":[{"embeddable":true,"href":"https:\/\/www.expotradegroup.com\/fr\/wp-json\/wp\/v2\/comments?post=33842"}],"version-history":[{"count":2,"href":"https:\/\/www.expotradegroup.com\/fr\/wp-json\/wp\/v2\/posts\/33842\/revisions"}],"predecessor-version":[{"id":33844,"href":"https:\/\/www.expotradegroup.com\/fr\/wp-json\/wp\/v2\/posts\/33842\/revisions\/33844"}],"wp:featuredmedia":[{"embeddable":true,"href":"https:\/\/www.expotradegroup.com\/fr\/wp-json\/wp\/v2\/media\/33837"}],"wp:attachment":[{"href":"https:\/\/www.expotradegroup.com\/fr\/wp-json\/wp\/v2\/media?parent=33842"}],"wp:term":[{"taxonomy":"category","embeddable":true,"href":"https:\/\/www.expotradegroup.com\/fr\/wp-json\/wp\/v2\/categories?post=33842"},{"taxonomy":"post_tag","embeddable":true,"href":"https:\/\/www.expotradegroup.com\/fr\/wp-json\/wp\/v2\/tags?post=33842"}],"curies":[{"name":"wp","href":"https:\/\/api.w.org\/{rel}","templated":true}]}}