{"id":35955,"date":"2022-01-06T20:02:37","date_gmt":"2022-01-06T19:02:37","guid":{"rendered":"https:\/\/www.expotradegroup.com\/expotent-tentes-pliantes-a-dakar-2022\/"},"modified":"2022-01-06T20:02:37","modified_gmt":"2022-01-06T19:02:37","slug":"expotent-tentes-pliantes-a-dakar-2022","status":"publish","type":"post","link":"https:\/\/www.expotradegroup.com\/fr\/expotent-tentes-pliantes-a-dakar-2022\/","title":{"rendered":"expotent tentes pliantes \u00e0 DAKAR 2022 !"},"content":{"rendered":"<p><span class=\"Y2IQFc\" lang=\"fr\">Le Dakar 2022 bat d\u00e9j\u00e0 son plein et, comme les ann\u00e9es pr\u00e9c\u00e9dentes, il y a \u00e0 nouveau de nombreux pavillons pliants puissants. Notre client le plus fid\u00e8le et de longue date KTM est sur place avec toute une flotte de tentes et installe chaque jour les paddocks pour KTM, Husqvarna et GASGAS. Nos tentes font \u00e9galement partie du HONDA Rally Racing Team HRC. De plus, nous avons notre \u00ab\u00a0propre\u00a0\u00bb \u00e9quipe au d\u00e9part cette ann\u00e9e, donc Romain Dumontier se d\u00e9brouille tr\u00e8s bien avec sa moto et bien s\u00fbr notre mat\u00e9riel.<\/span><\/p>\n","protected":false},"excerpt":{"rendered":"<p>Le Dakar 2022 bat d\u00e9j\u00e0 son plein et, comme les ann\u00e9es pr\u00e9c\u00e9dentes, il y a \u00e0 nouveau de nombreux pavillons pliants puissants. Notre client le plus fid\u00e8le et de longue date KTM est sur place avec toute une flotte de tentes et installe chaque jour les paddocks pour KTM, Husqvarna et GASGAS. Nos tentes font [&hellip;]<\/p>\n","protected":false},"author":3,"featured_media":35950,"comment_status":"closed","ping_status":"open","sticky":false,"template":"","format":"standard","meta":{"footnotes":""},"categories":[271],"tags":[],"class_list":["post-35955","post","type-post","status-publish","format-standard","has-post-thumbnail","hentry","category-allgemein-fr"],"yoast_head":"<!-- This site is optimized with the Yoast SEO plugin v23.2 - https:\/\/yoast.com\/wordpress\/plugins\/seo\/ -->\n<title>expotent Dakar 2022 - nos tentes pliantes sont \u00e0 nouveau repr\u00e9sent\u00e9es en grand nombre !<\/title>\n<meta name=\"description\" content=\"expotent Dakar 2022 - beaucoup de nos clients utilisent les tentes pliantes professionnelles expotent et ne jurent que par notre qualit\u00e9 sup\u00e9rieure pour le montage \/ d\u00e9montage quotidien\" \/>\n<meta name=\"robots\" content=\"index, follow, max-snippet:-1, max-image-preview:large, max-video-preview:-1\" \/>\n<link rel=\"canonical\" href=\"https:\/\/www.expotradegroup.com\/fr\/expotent-tentes-pliantes-a-dakar-2022\/\" \/>\n<meta property=\"og:locale\" content=\"fr_FR\" \/>\n<meta property=\"og:type\" content=\"article\" \/>\n<meta property=\"og:title\" content=\"expotent Dakar 2022 - nos tentes pliantes sont \u00e0 nouveau repr\u00e9sent\u00e9es en grand nombre !\" \/>\n<meta property=\"og:description\" content=\"expotent Dakar 2022 - beaucoup de nos clients utilisent les tentes pliantes professionnelles expotent et ne jurent que par notre qualit\u00e9 sup\u00e9rieure pour le montage \/ d\u00e9montage quotidien\" \/>\n<meta property=\"og:url\" content=\"https:\/\/www.expotradegroup.com\/fr\/expotent-tentes-pliantes-a-dakar-2022\/\" \/>\n<meta property=\"og:site_name\" content=\"Expotrade\" \/>\n<meta property=\"article:publisher\" content=\"https:\/\/www.facebook.com\/Expotrade-Group-Gmbh-Head-Office-501830963237226\/timeline\/\" \/>\n<meta property=\"article:author\" content=\"https:\/\/www.facebook.com\/expotradegroup\/\" \/>\n<meta property=\"article:published_time\" content=\"2022-01-06T19:02:37+00:00\" \/>\n<meta property=\"og:image\" content=\"https:\/\/www.expotradegroup.com\/wp-content\/uploads\/2022\/01\/expotent_HONDA_Rally_HRC.jpg\" \/>\n\t<meta property=\"og:image:width\" content=\"888\" \/>\n\t<meta property=\"og:image:height\" content=\"540\" \/>\n\t<meta property=\"og:image:type\" content=\"image\/jpeg\" \/>\n<meta name=\"author\" content=\"Andreas Schnetzer\" \/>\n<meta name=\"twitter:card\" content=\"summary_large_image\" \/>\n<meta name=\"twitter:creator\" content=\"@Expotrade_Group\" \/>\n<meta name=\"twitter:site\" content=\"@Expotrade_Group\" \/>\n<meta name=\"twitter:label1\" content=\"\u00c9crit par\" \/>\n\t<meta name=\"twitter:data1\" content=\"Andreas Schnetzer\" \/>\n<script type=\"application\/ld+json\" class=\"yoast-schema-graph\">{\"@context\":\"https:\/\/schema.org\",\"@graph\":[{\"@type\":\"WebPage\",\"@id\":\"https:\/\/www.expotradegroup.com\/fr\/expotent-tentes-pliantes-a-dakar-2022\/\",\"url\":\"https:\/\/www.expotradegroup.com\/fr\/expotent-tentes-pliantes-a-dakar-2022\/\",\"name\":\"expotent Dakar 2022 - nos tentes pliantes sont \u00e0 nouveau repr\u00e9sent\u00e9es en grand nombre !\",\"isPartOf\":{\"@id\":\"https:\/\/www.expotradegroup.com\/fr\/#website\"},\"primaryImageOfPage\":{\"@id\":\"https:\/\/www.expotradegroup.com\/fr\/expotent-tentes-pliantes-a-dakar-2022\/#primaryimage\"},\"image\":{\"@id\":\"https:\/\/www.expotradegroup.com\/fr\/expotent-tentes-pliantes-a-dakar-2022\/#primaryimage\"},\"thumbnailUrl\":\"https:\/\/www.expotradegroup.com\/wp-content\/uploads\/2022\/01\/expotent_HONDA_Rally_HRC.jpg\",\"datePublished\":\"2022-01-06T19:02:37+00:00\",\"dateModified\":\"2022-01-06T19:02:37+00:00\",\"author\":{\"@id\":\"https:\/\/www.expotradegroup.com\/fr\/#\/schema\/person\/dc8fa530956d7ce5f3f6525b81f54691\"},\"description\":\"expotent Dakar 2022 - beaucoup de nos clients utilisent les tentes pliantes professionnelles expotent et ne jurent que par notre qualit\u00e9 sup\u00e9rieure pour le montage \/ d\u00e9montage quotidien\",\"breadcrumb\":{\"@id\":\"https:\/\/www.expotradegroup.com\/fr\/expotent-tentes-pliantes-a-dakar-2022\/#breadcrumb\"},\"inLanguage\":\"fr-FR\",\"potentialAction\":[{\"@type\":\"ReadAction\",\"target\":[\"https:\/\/www.expotradegroup.com\/fr\/expotent-tentes-pliantes-a-dakar-2022\/\"]}]},{\"@type\":\"ImageObject\",\"inLanguage\":\"fr-FR\",\"@id\":\"https:\/\/www.expotradegroup.com\/fr\/expotent-tentes-pliantes-a-dakar-2022\/#primaryimage\",\"url\":\"https:\/\/www.expotradegroup.com\/wp-content\/uploads\/2022\/01\/expotent_HONDA_Rally_HRC.jpg\",\"contentUrl\":\"https:\/\/www.expotradegroup.com\/wp-content\/uploads\/2022\/01\/expotent_HONDA_Rally_HRC.jpg\",\"width\":888,\"height\":540,\"caption\":\"expotent HONDA Rally HRC\"},{\"@type\":\"BreadcrumbList\",\"@id\":\"https:\/\/www.expotradegroup.com\/fr\/expotent-tentes-pliantes-a-dakar-2022\/#breadcrumb\",\"itemListElement\":[{\"@type\":\"ListItem\",\"position\":1,\"name\":\"Home\",\"item\":\"https:\/\/www.expotradegroup.com\/fr\/tentes-pliantes-table-pliantes-sacs-de-feves\/\"},{\"@type\":\"ListItem\",\"position\":2,\"name\":\"expotent tentes pliantes \u00e0 DAKAR 2022 !\"}]},{\"@type\":\"WebSite\",\"@id\":\"https:\/\/www.expotradegroup.com\/fr\/#website\",\"url\":\"https:\/\/www.expotradegroup.com\/fr\/\",\"name\":\"Expotrade\",\"description\":\"Faltzelte, Falttische, Sitzs\u00e4cke und mobile ideas\",\"potentialAction\":[{\"@type\":\"SearchAction\",\"target\":{\"@type\":\"EntryPoint\",\"urlTemplate\":\"https:\/\/www.expotradegroup.com\/fr\/?s={search_term_string}\"},\"query-input\":\"required name=search_term_string\"}],\"inLanguage\":\"fr-FR\"},{\"@type\":\"Person\",\"@id\":\"https:\/\/www.expotradegroup.com\/fr\/#\/schema\/person\/dc8fa530956d7ce5f3f6525b81f54691\",\"name\":\"Andreas Schnetzer\",\"sameAs\":[\"https:\/\/www.expotradegroup.com\",\"https:\/\/www.facebook.com\/expotradegroup\/\"],\"url\":\"https:\/\/www.expotradegroup.com\/fr\/author\/expouser\/\"}]}<\/script>\n<!-- \/ Yoast SEO plugin. -->","yoast_head_json":{"title":"expotent Dakar 2022 - nos tentes pliantes sont \u00e0 nouveau repr\u00e9sent\u00e9es en grand nombre !","description":"expotent Dakar 2022 - beaucoup de nos clients utilisent les tentes pliantes professionnelles expotent et ne jurent que par notre qualit\u00e9 sup\u00e9rieure pour le montage \/ d\u00e9montage quotidien","robots":{"index":"index","follow":"follow","max-snippet":"max-snippet:-1","max-image-preview":"max-image-preview:large","max-video-preview":"max-video-preview:-1"},"canonical":"https:\/\/www.expotradegroup.com\/fr\/expotent-tentes-pliantes-a-dakar-2022\/","og_locale":"fr_FR","og_type":"article","og_title":"expotent Dakar 2022 - nos tentes pliantes sont \u00e0 nouveau repr\u00e9sent\u00e9es en grand nombre !","og_description":"expotent Dakar 2022 - beaucoup de nos clients utilisent les tentes pliantes professionnelles expotent et ne jurent que par notre qualit\u00e9 sup\u00e9rieure pour le montage \/ d\u00e9montage quotidien","og_url":"https:\/\/www.expotradegroup.com\/fr\/expotent-tentes-pliantes-a-dakar-2022\/","og_site_name":"Expotrade","article_publisher":"https:\/\/www.facebook.com\/Expotrade-Group-Gmbh-Head-Office-501830963237226\/timeline\/","article_author":"https:\/\/www.facebook.com\/expotradegroup\/","article_published_time":"2022-01-06T19:02:37+00:00","og_image":[{"width":888,"height":540,"url":"https:\/\/www.expotradegroup.com\/wp-content\/uploads\/2022\/01\/expotent_HONDA_Rally_HRC.jpg","type":"image\/jpeg"}],"author":"Andreas Schnetzer","twitter_card":"summary_large_image","twitter_creator":"@Expotrade_Group","twitter_site":"@Expotrade_Group","twitter_misc":{"\u00c9crit par":"Andreas Schnetzer"},"schema":{"@context":"https:\/\/schema.org","@graph":[{"@type":"WebPage","@id":"https:\/\/www.expotradegroup.com\/fr\/expotent-tentes-pliantes-a-dakar-2022\/","url":"https:\/\/www.expotradegroup.com\/fr\/expotent-tentes-pliantes-a-dakar-2022\/","name":"expotent Dakar 2022 - nos tentes pliantes sont \u00e0 nouveau repr\u00e9sent\u00e9es en grand nombre !","isPartOf":{"@id":"https:\/\/www.expotradegroup.com\/fr\/#website"},"primaryImageOfPage":{"@id":"https:\/\/www.expotradegroup.com\/fr\/expotent-tentes-pliantes-a-dakar-2022\/#primaryimage"},"image":{"@id":"https:\/\/www.expotradegroup.com\/fr\/expotent-tentes-pliantes-a-dakar-2022\/#primaryimage"},"thumbnailUrl":"https:\/\/www.expotradegroup.com\/wp-content\/uploads\/2022\/01\/expotent_HONDA_Rally_HRC.jpg","datePublished":"2022-01-06T19:02:37+00:00","dateModified":"2022-01-06T19:02:37+00:00","author":{"@id":"https:\/\/www.expotradegroup.com\/fr\/#\/schema\/person\/dc8fa530956d7ce5f3f6525b81f54691"},"description":"expotent Dakar 2022 - beaucoup de nos clients utilisent les tentes pliantes professionnelles expotent et ne jurent que par notre qualit\u00e9 sup\u00e9rieure pour le montage \/ d\u00e9montage quotidien","breadcrumb":{"@id":"https:\/\/www.expotradegroup.com\/fr\/expotent-tentes-pliantes-a-dakar-2022\/#breadcrumb"},"inLanguage":"fr-FR","potentialAction":[{"@type":"ReadAction","target":["https:\/\/www.expotradegroup.com\/fr\/expotent-tentes-pliantes-a-dakar-2022\/"]}]},{"@type":"ImageObject","inLanguage":"fr-FR","@id":"https:\/\/www.expotradegroup.com\/fr\/expotent-tentes-pliantes-a-dakar-2022\/#primaryimage","url":"https:\/\/www.expotradegroup.com\/wp-content\/uploads\/2022\/01\/expotent_HONDA_Rally_HRC.jpg","contentUrl":"https:\/\/www.expotradegroup.com\/wp-content\/uploads\/2022\/01\/expotent_HONDA_Rally_HRC.jpg","width":888,"height":540,"caption":"expotent HONDA Rally HRC"},{"@type":"BreadcrumbList","@id":"https:\/\/www.expotradegroup.com\/fr\/expotent-tentes-pliantes-a-dakar-2022\/#breadcrumb","itemListElement":[{"@type":"ListItem","position":1,"name":"Home","item":"https:\/\/www.expotradegroup.com\/fr\/tentes-pliantes-table-pliantes-sacs-de-feves\/"},{"@type":"ListItem","position":2,"name":"expotent tentes pliantes \u00e0 DAKAR 2022 !"}]},{"@type":"WebSite","@id":"https:\/\/www.expotradegroup.com\/fr\/#website","url":"https:\/\/www.expotradegroup.com\/fr\/","name":"Expotrade","description":"Faltzelte, Falttische, Sitzs\u00e4cke und mobile ideas","potentialAction":[{"@type":"SearchAction","target":{"@type":"EntryPoint","urlTemplate":"https:\/\/www.expotradegroup.com\/fr\/?s={search_term_string}"},"query-input":"required name=search_term_string"}],"inLanguage":"fr-FR"},{"@type":"Person","@id":"https:\/\/www.expotradegroup.com\/fr\/#\/schema\/person\/dc8fa530956d7ce5f3f6525b81f54691","name":"Andreas Schnetzer","sameAs":["https:\/\/www.expotradegroup.com","https:\/\/www.facebook.com\/expotradegroup\/"],"url":"https:\/\/www.expotradegroup.com\/fr\/author\/expouser\/"}]}},"_links":{"self":[{"href":"https:\/\/www.expotradegroup.com\/fr\/wp-json\/wp\/v2\/posts\/35955"}],"collection":[{"href":"https:\/\/www.expotradegroup.com\/fr\/wp-json\/wp\/v2\/posts"}],"about":[{"href":"https:\/\/www.expotradegroup.com\/fr\/wp-json\/wp\/v2\/types\/post"}],"author":[{"embeddable":true,"href":"https:\/\/www.expotradegroup.com\/fr\/wp-json\/wp\/v2\/users\/3"}],"replies":[{"embeddable":true,"href":"https:\/\/www.expotradegroup.com\/fr\/wp-json\/wp\/v2\/comments?post=35955"}],"version-history":[{"count":0,"href":"https:\/\/www.expotradegroup.com\/fr\/wp-json\/wp\/v2\/posts\/35955\/revisions"}],"wp:featuredmedia":[{"embeddable":true,"href":"https:\/\/www.expotradegroup.com\/fr\/wp-json\/wp\/v2\/media\/35950"}],"wp:attachment":[{"href":"https:\/\/www.expotradegroup.com\/fr\/wp-json\/wp\/v2\/media?parent=35955"}],"wp:term":[{"taxonomy":"category","embeddable":true,"href":"https:\/\/www.expotradegroup.com\/fr\/wp-json\/wp\/v2\/categories?post=35955"},{"taxonomy":"post_tag","embeddable":true,"href":"https:\/\/www.expotradegroup.com\/fr\/wp-json\/wp\/v2\/tags?post=35955"}],"curies":[{"name":"wp","href":"https:\/\/api.w.org\/{rel}","templated":true}]}}