{"id":36210,"date":"2022-06-13T14:20:34","date_gmt":"2022-06-13T12:20:34","guid":{"rendered":"https:\/\/www.expotradegroup.com\/pouf-exporelax-pour-un-ete-decontracte\/"},"modified":"2022-06-13T14:20:34","modified_gmt":"2022-06-13T12:20:34","slug":"pouf-exporelax-pour-un-ete-decontracte","status":"publish","type":"post","link":"https:\/\/www.expotradegroup.com\/fr\/pouf-exporelax-pour-un-ete-decontracte\/","title":{"rendered":"Pouf exporelax pour un \u00e9t\u00e9 d\u00e9contract\u00e9 !"},"content":{"rendered":"<p><span class=\"Y2IQFc\" lang=\"fr\">Le pouf exporelax est un pouf confortable avec dossier, facile \u00e0 retirer ! Les poufs exporelax d&rsquo;Expotrade sont r\u00e9sistants aux intemp\u00e9ries et ignifuges et peuvent donc \u00eatre utilis\u00e9s \u00e0 l&rsquo;int\u00e9rieur comme \u00e0 l&rsquo;ext\u00e9rieur. Imprimable d\u00e8s l&rsquo;achat de 1 pi\u00e8ce et dans votre propre design individuel.<\/span><\/p>\n","protected":false},"excerpt":{"rendered":"<p>Le pouf exporelax est un pouf confortable avec dossier, facile \u00e0 retirer ! Les poufs exporelax d&rsquo;Expotrade sont r\u00e9sistants aux intemp\u00e9ries et ignifuges et peuvent donc \u00eatre utilis\u00e9s \u00e0 l&rsquo;int\u00e9rieur comme \u00e0 l&rsquo;ext\u00e9rieur. Imprimable d\u00e8s l&rsquo;achat de 1 pi\u00e8ce et dans votre propre design individuel.<\/p>\n","protected":false},"author":3,"featured_media":36205,"comment_status":"closed","ping_status":"open","sticky":false,"template":"","format":"standard","meta":{"footnotes":""},"categories":[271],"tags":[],"class_list":["post-36210","post","type-post","status-publish","format-standard","has-post-thumbnail","hentry","category-allgemein-fr"],"yoast_head":"<!-- This site is optimized with the Yoast SEO plugin v23.2 - https:\/\/yoast.com\/wordpress\/plugins\/seo\/ -->\n<title>pouf exporelax - asseyez-vous et d\u00e9tendez-vous confortablement en \u00e9t\u00e9 !<\/title>\n<meta name=\"description\" content=\"Le pouf exporelax est un pouf confortable avec dossier, facile \u00e0 retirer ! r\u00e9sistant aux intemp\u00e9ries, ignifuge \u00e0 l&#039;int\u00e9rieur et \u00e0 l&#039;ext\u00e9rieur\" \/>\n<meta name=\"robots\" content=\"index, follow, max-snippet:-1, max-image-preview:large, max-video-preview:-1\" \/>\n<link rel=\"canonical\" href=\"https:\/\/www.expotradegroup.com\/fr\/pouf-exporelax-pour-un-ete-decontracte\/\" \/>\n<meta property=\"og:locale\" content=\"fr_FR\" \/>\n<meta property=\"og:type\" content=\"article\" \/>\n<meta property=\"og:title\" content=\"pouf exporelax - asseyez-vous et d\u00e9tendez-vous confortablement en \u00e9t\u00e9 !\" \/>\n<meta property=\"og:description\" content=\"Le pouf exporelax est un pouf confortable avec dossier, facile \u00e0 retirer ! r\u00e9sistant aux intemp\u00e9ries, ignifuge \u00e0 l&#039;int\u00e9rieur et \u00e0 l&#039;ext\u00e9rieur\" \/>\n<meta property=\"og:url\" content=\"https:\/\/www.expotradegroup.com\/fr\/pouf-exporelax-pour-un-ete-decontracte\/\" \/>\n<meta property=\"og:site_name\" content=\"Expotrade\" \/>\n<meta property=\"article:publisher\" content=\"https:\/\/www.facebook.com\/Expotrade-Group-Gmbh-Head-Office-501830963237226\/timeline\/\" \/>\n<meta property=\"article:author\" content=\"https:\/\/www.facebook.com\/expotradegroup\/\" \/>\n<meta property=\"article:published_time\" content=\"2022-06-13T12:20:34+00:00\" \/>\n<meta property=\"og:image\" content=\"https:\/\/www.expotradegroup.com\/wp-content\/uploads\/2022\/06\/exporelax_Race_Sing.jpg\" \/>\n\t<meta property=\"og:image:width\" content=\"800\" \/>\n\t<meta property=\"og:image:height\" content=\"600\" \/>\n\t<meta property=\"og:image:type\" content=\"image\/jpeg\" \/>\n<meta name=\"author\" content=\"Andreas Schnetzer\" \/>\n<meta name=\"twitter:card\" content=\"summary_large_image\" \/>\n<meta name=\"twitter:creator\" content=\"@Expotrade_Group\" \/>\n<meta name=\"twitter:site\" content=\"@Expotrade_Group\" \/>\n<meta name=\"twitter:label1\" content=\"\u00c9crit par\" \/>\n\t<meta name=\"twitter:data1\" content=\"Andreas Schnetzer\" \/>\n<script type=\"application\/ld+json\" class=\"yoast-schema-graph\">{\"@context\":\"https:\/\/schema.org\",\"@graph\":[{\"@type\":\"WebPage\",\"@id\":\"https:\/\/www.expotradegroup.com\/fr\/pouf-exporelax-pour-un-ete-decontracte\/\",\"url\":\"https:\/\/www.expotradegroup.com\/fr\/pouf-exporelax-pour-un-ete-decontracte\/\",\"name\":\"pouf exporelax - asseyez-vous et d\u00e9tendez-vous confortablement en \u00e9t\u00e9 !\",\"isPartOf\":{\"@id\":\"https:\/\/www.expotradegroup.com\/fr\/#website\"},\"primaryImageOfPage\":{\"@id\":\"https:\/\/www.expotradegroup.com\/fr\/pouf-exporelax-pour-un-ete-decontracte\/#primaryimage\"},\"image\":{\"@id\":\"https:\/\/www.expotradegroup.com\/fr\/pouf-exporelax-pour-un-ete-decontracte\/#primaryimage\"},\"thumbnailUrl\":\"https:\/\/www.expotradegroup.com\/wp-content\/uploads\/2022\/06\/exporelax_Race_Sing.jpg\",\"datePublished\":\"2022-06-13T12:20:34+00:00\",\"dateModified\":\"2022-06-13T12:20:34+00:00\",\"author\":{\"@id\":\"https:\/\/www.expotradegroup.com\/fr\/#\/schema\/person\/dc8fa530956d7ce5f3f6525b81f54691\"},\"description\":\"Le pouf exporelax est un pouf confortable avec dossier, facile \u00e0 retirer ! r\u00e9sistant aux intemp\u00e9ries, ignifuge \u00e0 l'int\u00e9rieur et \u00e0 l'ext\u00e9rieur\",\"breadcrumb\":{\"@id\":\"https:\/\/www.expotradegroup.com\/fr\/pouf-exporelax-pour-un-ete-decontracte\/#breadcrumb\"},\"inLanguage\":\"fr-FR\",\"potentialAction\":[{\"@type\":\"ReadAction\",\"target\":[\"https:\/\/www.expotradegroup.com\/fr\/pouf-exporelax-pour-un-ete-decontracte\/\"]}]},{\"@type\":\"ImageObject\",\"inLanguage\":\"fr-FR\",\"@id\":\"https:\/\/www.expotradegroup.com\/fr\/pouf-exporelax-pour-un-ete-decontracte\/#primaryimage\",\"url\":\"https:\/\/www.expotradegroup.com\/wp-content\/uploads\/2022\/06\/exporelax_Race_Sing.jpg\",\"contentUrl\":\"https:\/\/www.expotradegroup.com\/wp-content\/uploads\/2022\/06\/exporelax_Race_Sing.jpg\",\"width\":800,\"height\":600,\"caption\":\"exporelax pouf RaceSing\"},{\"@type\":\"BreadcrumbList\",\"@id\":\"https:\/\/www.expotradegroup.com\/fr\/pouf-exporelax-pour-un-ete-decontracte\/#breadcrumb\",\"itemListElement\":[{\"@type\":\"ListItem\",\"position\":1,\"name\":\"Home\",\"item\":\"https:\/\/www.expotradegroup.com\/fr\/tentes-pliantes-table-pliantes-sacs-de-feves\/\"},{\"@type\":\"ListItem\",\"position\":2,\"name\":\"Pouf exporelax pour un \u00e9t\u00e9 d\u00e9contract\u00e9 !\"}]},{\"@type\":\"WebSite\",\"@id\":\"https:\/\/www.expotradegroup.com\/fr\/#website\",\"url\":\"https:\/\/www.expotradegroup.com\/fr\/\",\"name\":\"Expotrade\",\"description\":\"Faltzelte, Falttische, Sitzs\u00e4cke und mobile ideas\",\"potentialAction\":[{\"@type\":\"SearchAction\",\"target\":{\"@type\":\"EntryPoint\",\"urlTemplate\":\"https:\/\/www.expotradegroup.com\/fr\/?s={search_term_string}\"},\"query-input\":\"required name=search_term_string\"}],\"inLanguage\":\"fr-FR\"},{\"@type\":\"Person\",\"@id\":\"https:\/\/www.expotradegroup.com\/fr\/#\/schema\/person\/dc8fa530956d7ce5f3f6525b81f54691\",\"name\":\"Andreas Schnetzer\",\"sameAs\":[\"https:\/\/www.expotradegroup.com\",\"https:\/\/www.facebook.com\/expotradegroup\/\"],\"url\":\"https:\/\/www.expotradegroup.com\/fr\/author\/expouser\/\"}]}<\/script>\n<!-- \/ Yoast SEO plugin. -->","yoast_head_json":{"title":"pouf exporelax - asseyez-vous et d\u00e9tendez-vous confortablement en \u00e9t\u00e9 !","description":"Le pouf exporelax est un pouf confortable avec dossier, facile \u00e0 retirer ! r\u00e9sistant aux intemp\u00e9ries, ignifuge \u00e0 l'int\u00e9rieur et \u00e0 l'ext\u00e9rieur","robots":{"index":"index","follow":"follow","max-snippet":"max-snippet:-1","max-image-preview":"max-image-preview:large","max-video-preview":"max-video-preview:-1"},"canonical":"https:\/\/www.expotradegroup.com\/fr\/pouf-exporelax-pour-un-ete-decontracte\/","og_locale":"fr_FR","og_type":"article","og_title":"pouf exporelax - asseyez-vous et d\u00e9tendez-vous confortablement en \u00e9t\u00e9 !","og_description":"Le pouf exporelax est un pouf confortable avec dossier, facile \u00e0 retirer ! r\u00e9sistant aux intemp\u00e9ries, ignifuge \u00e0 l'int\u00e9rieur et \u00e0 l'ext\u00e9rieur","og_url":"https:\/\/www.expotradegroup.com\/fr\/pouf-exporelax-pour-un-ete-decontracte\/","og_site_name":"Expotrade","article_publisher":"https:\/\/www.facebook.com\/Expotrade-Group-Gmbh-Head-Office-501830963237226\/timeline\/","article_author":"https:\/\/www.facebook.com\/expotradegroup\/","article_published_time":"2022-06-13T12:20:34+00:00","og_image":[{"width":800,"height":600,"url":"https:\/\/www.expotradegroup.com\/wp-content\/uploads\/2022\/06\/exporelax_Race_Sing.jpg","type":"image\/jpeg"}],"author":"Andreas Schnetzer","twitter_card":"summary_large_image","twitter_creator":"@Expotrade_Group","twitter_site":"@Expotrade_Group","twitter_misc":{"\u00c9crit par":"Andreas Schnetzer"},"schema":{"@context":"https:\/\/schema.org","@graph":[{"@type":"WebPage","@id":"https:\/\/www.expotradegroup.com\/fr\/pouf-exporelax-pour-un-ete-decontracte\/","url":"https:\/\/www.expotradegroup.com\/fr\/pouf-exporelax-pour-un-ete-decontracte\/","name":"pouf exporelax - asseyez-vous et d\u00e9tendez-vous confortablement en \u00e9t\u00e9 !","isPartOf":{"@id":"https:\/\/www.expotradegroup.com\/fr\/#website"},"primaryImageOfPage":{"@id":"https:\/\/www.expotradegroup.com\/fr\/pouf-exporelax-pour-un-ete-decontracte\/#primaryimage"},"image":{"@id":"https:\/\/www.expotradegroup.com\/fr\/pouf-exporelax-pour-un-ete-decontracte\/#primaryimage"},"thumbnailUrl":"https:\/\/www.expotradegroup.com\/wp-content\/uploads\/2022\/06\/exporelax_Race_Sing.jpg","datePublished":"2022-06-13T12:20:34+00:00","dateModified":"2022-06-13T12:20:34+00:00","author":{"@id":"https:\/\/www.expotradegroup.com\/fr\/#\/schema\/person\/dc8fa530956d7ce5f3f6525b81f54691"},"description":"Le pouf exporelax est un pouf confortable avec dossier, facile \u00e0 retirer ! r\u00e9sistant aux intemp\u00e9ries, ignifuge \u00e0 l'int\u00e9rieur et \u00e0 l'ext\u00e9rieur","breadcrumb":{"@id":"https:\/\/www.expotradegroup.com\/fr\/pouf-exporelax-pour-un-ete-decontracte\/#breadcrumb"},"inLanguage":"fr-FR","potentialAction":[{"@type":"ReadAction","target":["https:\/\/www.expotradegroup.com\/fr\/pouf-exporelax-pour-un-ete-decontracte\/"]}]},{"@type":"ImageObject","inLanguage":"fr-FR","@id":"https:\/\/www.expotradegroup.com\/fr\/pouf-exporelax-pour-un-ete-decontracte\/#primaryimage","url":"https:\/\/www.expotradegroup.com\/wp-content\/uploads\/2022\/06\/exporelax_Race_Sing.jpg","contentUrl":"https:\/\/www.expotradegroup.com\/wp-content\/uploads\/2022\/06\/exporelax_Race_Sing.jpg","width":800,"height":600,"caption":"exporelax pouf RaceSing"},{"@type":"BreadcrumbList","@id":"https:\/\/www.expotradegroup.com\/fr\/pouf-exporelax-pour-un-ete-decontracte\/#breadcrumb","itemListElement":[{"@type":"ListItem","position":1,"name":"Home","item":"https:\/\/www.expotradegroup.com\/fr\/tentes-pliantes-table-pliantes-sacs-de-feves\/"},{"@type":"ListItem","position":2,"name":"Pouf exporelax pour un \u00e9t\u00e9 d\u00e9contract\u00e9 !"}]},{"@type":"WebSite","@id":"https:\/\/www.expotradegroup.com\/fr\/#website","url":"https:\/\/www.expotradegroup.com\/fr\/","name":"Expotrade","description":"Faltzelte, Falttische, Sitzs\u00e4cke und mobile ideas","potentialAction":[{"@type":"SearchAction","target":{"@type":"EntryPoint","urlTemplate":"https:\/\/www.expotradegroup.com\/fr\/?s={search_term_string}"},"query-input":"required name=search_term_string"}],"inLanguage":"fr-FR"},{"@type":"Person","@id":"https:\/\/www.expotradegroup.com\/fr\/#\/schema\/person\/dc8fa530956d7ce5f3f6525b81f54691","name":"Andreas Schnetzer","sameAs":["https:\/\/www.expotradegroup.com","https:\/\/www.facebook.com\/expotradegroup\/"],"url":"https:\/\/www.expotradegroup.com\/fr\/author\/expouser\/"}]}},"_links":{"self":[{"href":"https:\/\/www.expotradegroup.com\/fr\/wp-json\/wp\/v2\/posts\/36210"}],"collection":[{"href":"https:\/\/www.expotradegroup.com\/fr\/wp-json\/wp\/v2\/posts"}],"about":[{"href":"https:\/\/www.expotradegroup.com\/fr\/wp-json\/wp\/v2\/types\/post"}],"author":[{"embeddable":true,"href":"https:\/\/www.expotradegroup.com\/fr\/wp-json\/wp\/v2\/users\/3"}],"replies":[{"embeddable":true,"href":"https:\/\/www.expotradegroup.com\/fr\/wp-json\/wp\/v2\/comments?post=36210"}],"version-history":[{"count":0,"href":"https:\/\/www.expotradegroup.com\/fr\/wp-json\/wp\/v2\/posts\/36210\/revisions"}],"wp:featuredmedia":[{"embeddable":true,"href":"https:\/\/www.expotradegroup.com\/fr\/wp-json\/wp\/v2\/media\/36205"}],"wp:attachment":[{"href":"https:\/\/www.expotradegroup.com\/fr\/wp-json\/wp\/v2\/media?parent=36210"}],"wp:term":[{"taxonomy":"category","embeddable":true,"href":"https:\/\/www.expotradegroup.com\/fr\/wp-json\/wp\/v2\/categories?post=36210"},{"taxonomy":"post_tag","embeddable":true,"href":"https:\/\/www.expotradegroup.com\/fr\/wp-json\/wp\/v2\/tags?post=36210"}],"curies":[{"name":"wp","href":"https:\/\/api.w.org\/{rel}","templated":true}]}}