{"id":36258,"date":"2022-09-29T19:17:21","date_gmt":"2022-09-29T17:17:21","guid":{"rendered":"https:\/\/www.expotradegroup.com\/les-tentes-pliantes-expotent-sont-desormais-certifiees-tuev\/"},"modified":"2022-09-29T19:17:21","modified_gmt":"2022-09-29T17:17:21","slug":"les-tentes-pliantes-expotent-sont-desormais-certifiees-tuev","status":"publish","type":"post","link":"https:\/\/www.expotradegroup.com\/fr\/les-tentes-pliantes-expotent-sont-desormais-certifiees-tuev\/","title":{"rendered":"Les tentes pliantes Expotent sont d\u00e9sormais certifi\u00e9es T\u00dcV !"},"content":{"rendered":"<p><span class=\"Y2IQFc\" lang=\"fr\">Les tentes pliantes Expotent sont d\u00e9sormais certifi\u00e9es T\u00dcV ! &#8211; Nous sommes fiers que nos pavillons pliants Expotent soient d\u00e9sormais \u00e9galement certifi\u00e9s par le T\u00dcV. Elles ont toujours \u00e9t\u00e9 parmi les tentes pliantes les plus s\u00fbres du march\u00e9 et sont maintenant officiellement scell\u00e9es. Au final, la qualit\u00e9 se paie sur le long terme !<\/span><\/p>\n<div id=\"tw-target-rmn-container\" class=\"tw-target-rmn tw-ta-container F0azHf tw-nfl\">\n<pre id=\"tw-target-rmn\" class=\"tw-data-placeholder tw-text-small tw-ta\" dir=\"ltr\" data-placeholder=\"\"><\/pre>\n<\/div>\n","protected":false},"excerpt":{"rendered":"<p>Les tentes pliantes Expotent sont d\u00e9sormais certifi\u00e9es T\u00dcV ! &#8211; Nous sommes fiers que nos pavillons pliants Expotent soient d\u00e9sormais \u00e9galement certifi\u00e9s par le T\u00dcV. Elles ont toujours \u00e9t\u00e9 parmi les tentes pliantes les plus s\u00fbres du march\u00e9 et sont maintenant officiellement scell\u00e9es. Au final, la qualit\u00e9 se paie sur le long terme !<\/p>\n","protected":false},"author":3,"featured_media":36253,"comment_status":"closed","ping_status":"open","sticky":false,"template":"","format":"standard","meta":{"footnotes":""},"categories":[271],"tags":[],"class_list":["post-36258","post","type-post","status-publish","format-standard","has-post-thumbnail","hentry","category-allgemein-fr"],"yoast_head":"<!-- This site is optimized with the Yoast SEO plugin v23.2 - https:\/\/yoast.com\/wordpress\/plugins\/seo\/ -->\n<title>Les tentes pliantes expotent sont certifi\u00e9es T\u00dcV - la qualit\u00e9 est payante \u00e0 long terme !<\/title>\n<meta name=\"description\" content=\"Les tentes pliantes Expotent sont d\u00e9sormais certifi\u00e9es T\u00dcV ! - Nous sommes fiers que nos gazebos pliants Expotent aient maintenant \u00e9t\u00e9 certifi\u00e9s par le T\u00dcV. La qualit\u00e9 paie !\" \/>\n<meta name=\"robots\" content=\"index, follow, max-snippet:-1, max-image-preview:large, max-video-preview:-1\" \/>\n<link rel=\"canonical\" href=\"https:\/\/www.expotradegroup.com\/fr\/les-tentes-pliantes-expotent-sont-desormais-certifiees-tuev\/\" \/>\n<meta property=\"og:locale\" content=\"fr_FR\" \/>\n<meta property=\"og:type\" content=\"article\" \/>\n<meta property=\"og:title\" content=\"Les tentes pliantes expotent sont certifi\u00e9es T\u00dcV - la qualit\u00e9 est payante \u00e0 long terme !\" \/>\n<meta property=\"og:description\" content=\"Les tentes pliantes Expotent sont d\u00e9sormais certifi\u00e9es T\u00dcV ! - Nous sommes fiers que nos gazebos pliants Expotent aient maintenant \u00e9t\u00e9 certifi\u00e9s par le T\u00dcV. La qualit\u00e9 paie !\" \/>\n<meta property=\"og:url\" content=\"https:\/\/www.expotradegroup.com\/fr\/les-tentes-pliantes-expotent-sont-desormais-certifiees-tuev\/\" \/>\n<meta property=\"og:site_name\" content=\"Expotrade\" \/>\n<meta property=\"article:publisher\" content=\"https:\/\/www.facebook.com\/Expotrade-Group-Gmbh-Head-Office-501830963237226\/timeline\/\" \/>\n<meta property=\"article:author\" content=\"https:\/\/www.facebook.com\/expotradegroup\/\" \/>\n<meta property=\"article:published_time\" content=\"2022-09-29T17:17:21+00:00\" \/>\n<meta property=\"og:image\" content=\"https:\/\/www.expotradegroup.com\/wp-content\/uploads\/2022\/09\/Expotrade_Testmark_with-QR-Code.jpg\" \/>\n\t<meta property=\"og:image:width\" content=\"1124\" \/>\n\t<meta property=\"og:image:height\" content=\"363\" \/>\n\t<meta property=\"og:image:type\" content=\"image\/jpeg\" \/>\n<meta name=\"author\" content=\"Andreas Schnetzer\" \/>\n<meta name=\"twitter:card\" content=\"summary_large_image\" \/>\n<meta name=\"twitter:creator\" content=\"@Expotrade_Group\" \/>\n<meta name=\"twitter:site\" content=\"@Expotrade_Group\" \/>\n<meta name=\"twitter:label1\" content=\"\u00c9crit par\" \/>\n\t<meta name=\"twitter:data1\" content=\"Andreas Schnetzer\" \/>\n<script type=\"application\/ld+json\" class=\"yoast-schema-graph\">{\"@context\":\"https:\/\/schema.org\",\"@graph\":[{\"@type\":\"WebPage\",\"@id\":\"https:\/\/www.expotradegroup.com\/fr\/les-tentes-pliantes-expotent-sont-desormais-certifiees-tuev\/\",\"url\":\"https:\/\/www.expotradegroup.com\/fr\/les-tentes-pliantes-expotent-sont-desormais-certifiees-tuev\/\",\"name\":\"Les tentes pliantes expotent sont certifi\u00e9es T\u00dcV - la qualit\u00e9 est payante \u00e0 long terme !\",\"isPartOf\":{\"@id\":\"https:\/\/www.expotradegroup.com\/fr\/#website\"},\"primaryImageOfPage\":{\"@id\":\"https:\/\/www.expotradegroup.com\/fr\/les-tentes-pliantes-expotent-sont-desormais-certifiees-tuev\/#primaryimage\"},\"image\":{\"@id\":\"https:\/\/www.expotradegroup.com\/fr\/les-tentes-pliantes-expotent-sont-desormais-certifiees-tuev\/#primaryimage\"},\"thumbnailUrl\":\"https:\/\/www.expotradegroup.com\/wp-content\/uploads\/2022\/09\/Expotrade_Testmark_with-QR-Code.jpg\",\"datePublished\":\"2022-09-29T17:17:21+00:00\",\"dateModified\":\"2022-09-29T17:17:21+00:00\",\"author\":{\"@id\":\"https:\/\/www.expotradegroup.com\/fr\/#\/schema\/person\/dc8fa530956d7ce5f3f6525b81f54691\"},\"description\":\"Les tentes pliantes Expotent sont d\u00e9sormais certifi\u00e9es T\u00dcV ! - Nous sommes fiers que nos gazebos pliants Expotent aient maintenant \u00e9t\u00e9 certifi\u00e9s par le T\u00dcV. La qualit\u00e9 paie !\",\"breadcrumb\":{\"@id\":\"https:\/\/www.expotradegroup.com\/fr\/les-tentes-pliantes-expotent-sont-desormais-certifiees-tuev\/#breadcrumb\"},\"inLanguage\":\"fr-FR\",\"potentialAction\":[{\"@type\":\"ReadAction\",\"target\":[\"https:\/\/www.expotradegroup.com\/fr\/les-tentes-pliantes-expotent-sont-desormais-certifiees-tuev\/\"]}]},{\"@type\":\"ImageObject\",\"inLanguage\":\"fr-FR\",\"@id\":\"https:\/\/www.expotradegroup.com\/fr\/les-tentes-pliantes-expotent-sont-desormais-certifiees-tuev\/#primaryimage\",\"url\":\"https:\/\/www.expotradegroup.com\/wp-content\/uploads\/2022\/09\/Expotrade_Testmark_with-QR-Code.jpg\",\"contentUrl\":\"https:\/\/www.expotradegroup.com\/wp-content\/uploads\/2022\/09\/Expotrade_Testmark_with-QR-Code.jpg\",\"width\":1124,\"height\":363},{\"@type\":\"BreadcrumbList\",\"@id\":\"https:\/\/www.expotradegroup.com\/fr\/les-tentes-pliantes-expotent-sont-desormais-certifiees-tuev\/#breadcrumb\",\"itemListElement\":[{\"@type\":\"ListItem\",\"position\":1,\"name\":\"Home\",\"item\":\"https:\/\/www.expotradegroup.com\/fr\/tentes-pliantes-table-pliantes-sacs-de-feves\/\"},{\"@type\":\"ListItem\",\"position\":2,\"name\":\"Les tentes pliantes Expotent sont d\u00e9sormais certifi\u00e9es T\u00dcV !\"}]},{\"@type\":\"WebSite\",\"@id\":\"https:\/\/www.expotradegroup.com\/fr\/#website\",\"url\":\"https:\/\/www.expotradegroup.com\/fr\/\",\"name\":\"Expotrade\",\"description\":\"Faltzelte, Falttische, Sitzs\u00e4cke und mobile ideas\",\"potentialAction\":[{\"@type\":\"SearchAction\",\"target\":{\"@type\":\"EntryPoint\",\"urlTemplate\":\"https:\/\/www.expotradegroup.com\/fr\/?s={search_term_string}\"},\"query-input\":\"required name=search_term_string\"}],\"inLanguage\":\"fr-FR\"},{\"@type\":\"Person\",\"@id\":\"https:\/\/www.expotradegroup.com\/fr\/#\/schema\/person\/dc8fa530956d7ce5f3f6525b81f54691\",\"name\":\"Andreas Schnetzer\",\"sameAs\":[\"https:\/\/www.expotradegroup.com\",\"https:\/\/www.facebook.com\/expotradegroup\/\"],\"url\":\"https:\/\/www.expotradegroup.com\/fr\/author\/expouser\/\"}]}<\/script>\n<!-- \/ Yoast SEO plugin. -->","yoast_head_json":{"title":"Les tentes pliantes expotent sont certifi\u00e9es T\u00dcV - la qualit\u00e9 est payante \u00e0 long terme !","description":"Les tentes pliantes Expotent sont d\u00e9sormais certifi\u00e9es T\u00dcV ! - Nous sommes fiers que nos gazebos pliants Expotent aient maintenant \u00e9t\u00e9 certifi\u00e9s par le T\u00dcV. La qualit\u00e9 paie !","robots":{"index":"index","follow":"follow","max-snippet":"max-snippet:-1","max-image-preview":"max-image-preview:large","max-video-preview":"max-video-preview:-1"},"canonical":"https:\/\/www.expotradegroup.com\/fr\/les-tentes-pliantes-expotent-sont-desormais-certifiees-tuev\/","og_locale":"fr_FR","og_type":"article","og_title":"Les tentes pliantes expotent sont certifi\u00e9es T\u00dcV - la qualit\u00e9 est payante \u00e0 long terme !","og_description":"Les tentes pliantes Expotent sont d\u00e9sormais certifi\u00e9es T\u00dcV ! - Nous sommes fiers que nos gazebos pliants Expotent aient maintenant \u00e9t\u00e9 certifi\u00e9s par le T\u00dcV. La qualit\u00e9 paie !","og_url":"https:\/\/www.expotradegroup.com\/fr\/les-tentes-pliantes-expotent-sont-desormais-certifiees-tuev\/","og_site_name":"Expotrade","article_publisher":"https:\/\/www.facebook.com\/Expotrade-Group-Gmbh-Head-Office-501830963237226\/timeline\/","article_author":"https:\/\/www.facebook.com\/expotradegroup\/","article_published_time":"2022-09-29T17:17:21+00:00","og_image":[{"width":1124,"height":363,"url":"https:\/\/www.expotradegroup.com\/wp-content\/uploads\/2022\/09\/Expotrade_Testmark_with-QR-Code.jpg","type":"image\/jpeg"}],"author":"Andreas Schnetzer","twitter_card":"summary_large_image","twitter_creator":"@Expotrade_Group","twitter_site":"@Expotrade_Group","twitter_misc":{"\u00c9crit par":"Andreas Schnetzer"},"schema":{"@context":"https:\/\/schema.org","@graph":[{"@type":"WebPage","@id":"https:\/\/www.expotradegroup.com\/fr\/les-tentes-pliantes-expotent-sont-desormais-certifiees-tuev\/","url":"https:\/\/www.expotradegroup.com\/fr\/les-tentes-pliantes-expotent-sont-desormais-certifiees-tuev\/","name":"Les tentes pliantes expotent sont certifi\u00e9es T\u00dcV - la qualit\u00e9 est payante \u00e0 long terme !","isPartOf":{"@id":"https:\/\/www.expotradegroup.com\/fr\/#website"},"primaryImageOfPage":{"@id":"https:\/\/www.expotradegroup.com\/fr\/les-tentes-pliantes-expotent-sont-desormais-certifiees-tuev\/#primaryimage"},"image":{"@id":"https:\/\/www.expotradegroup.com\/fr\/les-tentes-pliantes-expotent-sont-desormais-certifiees-tuev\/#primaryimage"},"thumbnailUrl":"https:\/\/www.expotradegroup.com\/wp-content\/uploads\/2022\/09\/Expotrade_Testmark_with-QR-Code.jpg","datePublished":"2022-09-29T17:17:21+00:00","dateModified":"2022-09-29T17:17:21+00:00","author":{"@id":"https:\/\/www.expotradegroup.com\/fr\/#\/schema\/person\/dc8fa530956d7ce5f3f6525b81f54691"},"description":"Les tentes pliantes Expotent sont d\u00e9sormais certifi\u00e9es T\u00dcV ! - Nous sommes fiers que nos gazebos pliants Expotent aient maintenant \u00e9t\u00e9 certifi\u00e9s par le T\u00dcV. La qualit\u00e9 paie !","breadcrumb":{"@id":"https:\/\/www.expotradegroup.com\/fr\/les-tentes-pliantes-expotent-sont-desormais-certifiees-tuev\/#breadcrumb"},"inLanguage":"fr-FR","potentialAction":[{"@type":"ReadAction","target":["https:\/\/www.expotradegroup.com\/fr\/les-tentes-pliantes-expotent-sont-desormais-certifiees-tuev\/"]}]},{"@type":"ImageObject","inLanguage":"fr-FR","@id":"https:\/\/www.expotradegroup.com\/fr\/les-tentes-pliantes-expotent-sont-desormais-certifiees-tuev\/#primaryimage","url":"https:\/\/www.expotradegroup.com\/wp-content\/uploads\/2022\/09\/Expotrade_Testmark_with-QR-Code.jpg","contentUrl":"https:\/\/www.expotradegroup.com\/wp-content\/uploads\/2022\/09\/Expotrade_Testmark_with-QR-Code.jpg","width":1124,"height":363},{"@type":"BreadcrumbList","@id":"https:\/\/www.expotradegroup.com\/fr\/les-tentes-pliantes-expotent-sont-desormais-certifiees-tuev\/#breadcrumb","itemListElement":[{"@type":"ListItem","position":1,"name":"Home","item":"https:\/\/www.expotradegroup.com\/fr\/tentes-pliantes-table-pliantes-sacs-de-feves\/"},{"@type":"ListItem","position":2,"name":"Les tentes pliantes Expotent sont d\u00e9sormais certifi\u00e9es T\u00dcV !"}]},{"@type":"WebSite","@id":"https:\/\/www.expotradegroup.com\/fr\/#website","url":"https:\/\/www.expotradegroup.com\/fr\/","name":"Expotrade","description":"Faltzelte, Falttische, Sitzs\u00e4cke und mobile ideas","potentialAction":[{"@type":"SearchAction","target":{"@type":"EntryPoint","urlTemplate":"https:\/\/www.expotradegroup.com\/fr\/?s={search_term_string}"},"query-input":"required name=search_term_string"}],"inLanguage":"fr-FR"},{"@type":"Person","@id":"https:\/\/www.expotradegroup.com\/fr\/#\/schema\/person\/dc8fa530956d7ce5f3f6525b81f54691","name":"Andreas Schnetzer","sameAs":["https:\/\/www.expotradegroup.com","https:\/\/www.facebook.com\/expotradegroup\/"],"url":"https:\/\/www.expotradegroup.com\/fr\/author\/expouser\/"}]}},"_links":{"self":[{"href":"https:\/\/www.expotradegroup.com\/fr\/wp-json\/wp\/v2\/posts\/36258"}],"collection":[{"href":"https:\/\/www.expotradegroup.com\/fr\/wp-json\/wp\/v2\/posts"}],"about":[{"href":"https:\/\/www.expotradegroup.com\/fr\/wp-json\/wp\/v2\/types\/post"}],"author":[{"embeddable":true,"href":"https:\/\/www.expotradegroup.com\/fr\/wp-json\/wp\/v2\/users\/3"}],"replies":[{"embeddable":true,"href":"https:\/\/www.expotradegroup.com\/fr\/wp-json\/wp\/v2\/comments?post=36258"}],"version-history":[{"count":0,"href":"https:\/\/www.expotradegroup.com\/fr\/wp-json\/wp\/v2\/posts\/36258\/revisions"}],"wp:featuredmedia":[{"embeddable":true,"href":"https:\/\/www.expotradegroup.com\/fr\/wp-json\/wp\/v2\/media\/36253"}],"wp:attachment":[{"href":"https:\/\/www.expotradegroup.com\/fr\/wp-json\/wp\/v2\/media?parent=36258"}],"wp:term":[{"taxonomy":"category","embeddable":true,"href":"https:\/\/www.expotradegroup.com\/fr\/wp-json\/wp\/v2\/categories?post=36258"},{"taxonomy":"post_tag","embeddable":true,"href":"https:\/\/www.expotradegroup.com\/fr\/wp-json\/wp\/v2\/tags?post=36258"}],"curies":[{"name":"wp","href":"https:\/\/api.w.org\/{rel}","templated":true}]}}