{"id":36364,"date":"2023-04-26T13:14:00","date_gmt":"2023-04-26T11:14:00","guid":{"rendered":"https:\/\/www.expotradegroup.com\/nouveau-partenariat-expotrade-yamaha-motor-europe\/"},"modified":"2023-04-26T13:20:14","modified_gmt":"2023-04-26T11:20:14","slug":"nouveau-partenariat-expotrade-yamaha-motor-europe","status":"publish","type":"post","link":"https:\/\/www.expotradegroup.com\/fr\/nouveau-partenariat-expotrade-yamaha-motor-europe\/","title":{"rendered":"Nouveau partenariat Expotrade &#8211; YAMAHA Motor Europe !"},"content":{"rendered":"<p><span class=\"Y2IQFc\" lang=\"fr\">Nous sommes fiers d&rsquo;annoncer le partenariat avec Yamaha Motor Europe. Divers projets ont d\u00e9j\u00e0 \u00e9t\u00e9 mis en \u0153uvre et nous sommes heureux que YME ait opt\u00e9 pour nos produits de qualit\u00e9 et souhaite ainsi continuer sur la voie du d\u00e9veloppement durable. Mieux vaut faire confiance \u00e0 une qualit\u00e9 qui dure de nombreuses ann\u00e9es, au lieu d&rsquo;acheter dans la gamme bon march\u00e9 et de remplacer ensuite cet \u00e9quipement tous les quelques mois\/ann\u00e9es.<\/span><\/p>\n","protected":false},"excerpt":{"rendered":"<p>Nous sommes fiers d&rsquo;annoncer le partenariat avec Yamaha Motor Europe. Divers projets ont d\u00e9j\u00e0 \u00e9t\u00e9 mis en \u0153uvre et nous sommes heureux que YME ait opt\u00e9 pour nos produits de qualit\u00e9 et souhaite ainsi continuer sur la voie du d\u00e9veloppement durable. Mieux vaut faire confiance \u00e0 une qualit\u00e9 qui dure de nombreuses ann\u00e9es, au lieu [&hellip;]<\/p>\n","protected":false},"author":3,"featured_media":36359,"comment_status":"closed","ping_status":"open","sticky":false,"template":"","format":"standard","meta":{"footnotes":""},"categories":[271],"tags":[],"class_list":["post-36364","post","type-post","status-publish","format-standard","has-post-thumbnail","hentry","category-allgemein-fr"],"yoast_head":"<!-- This site is optimized with the Yoast SEO plugin v23.2 - https:\/\/yoast.com\/wordpress\/plugins\/seo\/ -->\n<title>Nouveau partenariat Expotrade - YAMAHA Motor Europe !<\/title>\n<meta name=\"description\" content=\"nouveau partenariat Expotrade - YAMAHA Motor Europe. Yamaha fait confiance aux produits de qualit\u00e9 d&#039;Expotrade et s&#039;engage donc dans une voie durable !\" \/>\n<meta name=\"robots\" content=\"index, follow, max-snippet:-1, max-image-preview:large, max-video-preview:-1\" \/>\n<link rel=\"canonical\" href=\"https:\/\/www.expotradegroup.com\/fr\/nouveau-partenariat-expotrade-yamaha-motor-europe\/\" \/>\n<meta property=\"og:locale\" content=\"fr_FR\" \/>\n<meta property=\"og:type\" content=\"article\" \/>\n<meta property=\"og:title\" content=\"Nouveau partenariat Expotrade - YAMAHA Motor Europe !\" \/>\n<meta property=\"og:description\" content=\"nouveau partenariat Expotrade - YAMAHA Motor Europe. Yamaha fait confiance aux produits de qualit\u00e9 d&#039;Expotrade et s&#039;engage donc dans une voie durable !\" \/>\n<meta property=\"og:url\" content=\"https:\/\/www.expotradegroup.com\/fr\/nouveau-partenariat-expotrade-yamaha-motor-europe\/\" \/>\n<meta property=\"og:site_name\" content=\"Expotrade\" \/>\n<meta property=\"article:publisher\" content=\"https:\/\/www.facebook.com\/Expotrade-Group-Gmbh-Head-Office-501830963237226\/timeline\/\" \/>\n<meta property=\"article:author\" content=\"https:\/\/www.facebook.com\/expotradegroup\/\" \/>\n<meta property=\"article:published_time\" content=\"2023-04-26T11:14:00+00:00\" \/>\n<meta property=\"article:modified_time\" content=\"2023-04-26T11:20:14+00:00\" \/>\n<meta property=\"og:image\" content=\"https:\/\/www.expotradegroup.com\/wp-content\/uploads\/2023\/04\/web.jpg\" \/>\n\t<meta property=\"og:image:width\" content=\"800\" \/>\n\t<meta property=\"og:image:height\" content=\"534\" \/>\n\t<meta property=\"og:image:type\" content=\"image\/jpeg\" \/>\n<meta name=\"author\" content=\"Andreas Schnetzer\" \/>\n<meta name=\"twitter:card\" content=\"summary_large_image\" \/>\n<meta name=\"twitter:creator\" content=\"@Expotrade_Group\" \/>\n<meta name=\"twitter:site\" content=\"@Expotrade_Group\" \/>\n<meta name=\"twitter:label1\" content=\"\u00c9crit par\" \/>\n\t<meta name=\"twitter:data1\" content=\"Andreas Schnetzer\" \/>\n<script type=\"application\/ld+json\" class=\"yoast-schema-graph\">{\"@context\":\"https:\/\/schema.org\",\"@graph\":[{\"@type\":\"WebPage\",\"@id\":\"https:\/\/www.expotradegroup.com\/fr\/nouveau-partenariat-expotrade-yamaha-motor-europe\/\",\"url\":\"https:\/\/www.expotradegroup.com\/fr\/nouveau-partenariat-expotrade-yamaha-motor-europe\/\",\"name\":\"Nouveau partenariat Expotrade - YAMAHA Motor Europe !\",\"isPartOf\":{\"@id\":\"https:\/\/www.expotradegroup.com\/fr\/#website\"},\"primaryImageOfPage\":{\"@id\":\"https:\/\/www.expotradegroup.com\/fr\/nouveau-partenariat-expotrade-yamaha-motor-europe\/#primaryimage\"},\"image\":{\"@id\":\"https:\/\/www.expotradegroup.com\/fr\/nouveau-partenariat-expotrade-yamaha-motor-europe\/#primaryimage\"},\"thumbnailUrl\":\"https:\/\/www.expotradegroup.com\/wp-content\/uploads\/2023\/04\/web.jpg\",\"datePublished\":\"2023-04-26T11:14:00+00:00\",\"dateModified\":\"2023-04-26T11:20:14+00:00\",\"author\":{\"@id\":\"https:\/\/www.expotradegroup.com\/fr\/#\/schema\/person\/dc8fa530956d7ce5f3f6525b81f54691\"},\"description\":\"nouveau partenariat Expotrade - YAMAHA Motor Europe. Yamaha fait confiance aux produits de qualit\u00e9 d'Expotrade et s'engage donc dans une voie durable !\",\"breadcrumb\":{\"@id\":\"https:\/\/www.expotradegroup.com\/fr\/nouveau-partenariat-expotrade-yamaha-motor-europe\/#breadcrumb\"},\"inLanguage\":\"fr-FR\",\"potentialAction\":[{\"@type\":\"ReadAction\",\"target\":[\"https:\/\/www.expotradegroup.com\/fr\/nouveau-partenariat-expotrade-yamaha-motor-europe\/\"]}]},{\"@type\":\"ImageObject\",\"inLanguage\":\"fr-FR\",\"@id\":\"https:\/\/www.expotradegroup.com\/fr\/nouveau-partenariat-expotrade-yamaha-motor-europe\/#primaryimage\",\"url\":\"https:\/\/www.expotradegroup.com\/wp-content\/uploads\/2023\/04\/web.jpg\",\"contentUrl\":\"https:\/\/www.expotradegroup.com\/wp-content\/uploads\/2023\/04\/web.jpg\",\"width\":800,\"height\":534,\"caption\":\"expotent 8x4m YAMAHA\"},{\"@type\":\"BreadcrumbList\",\"@id\":\"https:\/\/www.expotradegroup.com\/fr\/nouveau-partenariat-expotrade-yamaha-motor-europe\/#breadcrumb\",\"itemListElement\":[{\"@type\":\"ListItem\",\"position\":1,\"name\":\"Home\",\"item\":\"https:\/\/www.expotradegroup.com\/fr\/tentes-pliantes-table-pliantes-sacs-de-feves\/\"},{\"@type\":\"ListItem\",\"position\":2,\"name\":\"Nouveau partenariat Expotrade &#8211; YAMAHA Motor Europe !\"}]},{\"@type\":\"WebSite\",\"@id\":\"https:\/\/www.expotradegroup.com\/fr\/#website\",\"url\":\"https:\/\/www.expotradegroup.com\/fr\/\",\"name\":\"Expotrade\",\"description\":\"Faltzelte, Falttische, Sitzs\u00e4cke und mobile ideas\",\"potentialAction\":[{\"@type\":\"SearchAction\",\"target\":{\"@type\":\"EntryPoint\",\"urlTemplate\":\"https:\/\/www.expotradegroup.com\/fr\/?s={search_term_string}\"},\"query-input\":\"required name=search_term_string\"}],\"inLanguage\":\"fr-FR\"},{\"@type\":\"Person\",\"@id\":\"https:\/\/www.expotradegroup.com\/fr\/#\/schema\/person\/dc8fa530956d7ce5f3f6525b81f54691\",\"name\":\"Andreas Schnetzer\",\"sameAs\":[\"https:\/\/www.expotradegroup.com\",\"https:\/\/www.facebook.com\/expotradegroup\/\"],\"url\":\"https:\/\/www.expotradegroup.com\/fr\/author\/expouser\/\"}]}<\/script>\n<!-- \/ Yoast SEO plugin. -->","yoast_head_json":{"title":"Nouveau partenariat Expotrade - YAMAHA Motor Europe !","description":"nouveau partenariat Expotrade - YAMAHA Motor Europe. Yamaha fait confiance aux produits de qualit\u00e9 d'Expotrade et s'engage donc dans une voie durable !","robots":{"index":"index","follow":"follow","max-snippet":"max-snippet:-1","max-image-preview":"max-image-preview:large","max-video-preview":"max-video-preview:-1"},"canonical":"https:\/\/www.expotradegroup.com\/fr\/nouveau-partenariat-expotrade-yamaha-motor-europe\/","og_locale":"fr_FR","og_type":"article","og_title":"Nouveau partenariat Expotrade - YAMAHA Motor Europe !","og_description":"nouveau partenariat Expotrade - YAMAHA Motor Europe. Yamaha fait confiance aux produits de qualit\u00e9 d'Expotrade et s'engage donc dans une voie durable !","og_url":"https:\/\/www.expotradegroup.com\/fr\/nouveau-partenariat-expotrade-yamaha-motor-europe\/","og_site_name":"Expotrade","article_publisher":"https:\/\/www.facebook.com\/Expotrade-Group-Gmbh-Head-Office-501830963237226\/timeline\/","article_author":"https:\/\/www.facebook.com\/expotradegroup\/","article_published_time":"2023-04-26T11:14:00+00:00","article_modified_time":"2023-04-26T11:20:14+00:00","og_image":[{"width":800,"height":534,"url":"https:\/\/www.expotradegroup.com\/wp-content\/uploads\/2023\/04\/web.jpg","type":"image\/jpeg"}],"author":"Andreas Schnetzer","twitter_card":"summary_large_image","twitter_creator":"@Expotrade_Group","twitter_site":"@Expotrade_Group","twitter_misc":{"\u00c9crit par":"Andreas Schnetzer"},"schema":{"@context":"https:\/\/schema.org","@graph":[{"@type":"WebPage","@id":"https:\/\/www.expotradegroup.com\/fr\/nouveau-partenariat-expotrade-yamaha-motor-europe\/","url":"https:\/\/www.expotradegroup.com\/fr\/nouveau-partenariat-expotrade-yamaha-motor-europe\/","name":"Nouveau partenariat Expotrade - YAMAHA Motor Europe !","isPartOf":{"@id":"https:\/\/www.expotradegroup.com\/fr\/#website"},"primaryImageOfPage":{"@id":"https:\/\/www.expotradegroup.com\/fr\/nouveau-partenariat-expotrade-yamaha-motor-europe\/#primaryimage"},"image":{"@id":"https:\/\/www.expotradegroup.com\/fr\/nouveau-partenariat-expotrade-yamaha-motor-europe\/#primaryimage"},"thumbnailUrl":"https:\/\/www.expotradegroup.com\/wp-content\/uploads\/2023\/04\/web.jpg","datePublished":"2023-04-26T11:14:00+00:00","dateModified":"2023-04-26T11:20:14+00:00","author":{"@id":"https:\/\/www.expotradegroup.com\/fr\/#\/schema\/person\/dc8fa530956d7ce5f3f6525b81f54691"},"description":"nouveau partenariat Expotrade - YAMAHA Motor Europe. Yamaha fait confiance aux produits de qualit\u00e9 d'Expotrade et s'engage donc dans une voie durable !","breadcrumb":{"@id":"https:\/\/www.expotradegroup.com\/fr\/nouveau-partenariat-expotrade-yamaha-motor-europe\/#breadcrumb"},"inLanguage":"fr-FR","potentialAction":[{"@type":"ReadAction","target":["https:\/\/www.expotradegroup.com\/fr\/nouveau-partenariat-expotrade-yamaha-motor-europe\/"]}]},{"@type":"ImageObject","inLanguage":"fr-FR","@id":"https:\/\/www.expotradegroup.com\/fr\/nouveau-partenariat-expotrade-yamaha-motor-europe\/#primaryimage","url":"https:\/\/www.expotradegroup.com\/wp-content\/uploads\/2023\/04\/web.jpg","contentUrl":"https:\/\/www.expotradegroup.com\/wp-content\/uploads\/2023\/04\/web.jpg","width":800,"height":534,"caption":"expotent 8x4m YAMAHA"},{"@type":"BreadcrumbList","@id":"https:\/\/www.expotradegroup.com\/fr\/nouveau-partenariat-expotrade-yamaha-motor-europe\/#breadcrumb","itemListElement":[{"@type":"ListItem","position":1,"name":"Home","item":"https:\/\/www.expotradegroup.com\/fr\/tentes-pliantes-table-pliantes-sacs-de-feves\/"},{"@type":"ListItem","position":2,"name":"Nouveau partenariat Expotrade &#8211; YAMAHA Motor Europe !"}]},{"@type":"WebSite","@id":"https:\/\/www.expotradegroup.com\/fr\/#website","url":"https:\/\/www.expotradegroup.com\/fr\/","name":"Expotrade","description":"Faltzelte, Falttische, Sitzs\u00e4cke und mobile ideas","potentialAction":[{"@type":"SearchAction","target":{"@type":"EntryPoint","urlTemplate":"https:\/\/www.expotradegroup.com\/fr\/?s={search_term_string}"},"query-input":"required name=search_term_string"}],"inLanguage":"fr-FR"},{"@type":"Person","@id":"https:\/\/www.expotradegroup.com\/fr\/#\/schema\/person\/dc8fa530956d7ce5f3f6525b81f54691","name":"Andreas Schnetzer","sameAs":["https:\/\/www.expotradegroup.com","https:\/\/www.facebook.com\/expotradegroup\/"],"url":"https:\/\/www.expotradegroup.com\/fr\/author\/expouser\/"}]}},"_links":{"self":[{"href":"https:\/\/www.expotradegroup.com\/fr\/wp-json\/wp\/v2\/posts\/36364"}],"collection":[{"href":"https:\/\/www.expotradegroup.com\/fr\/wp-json\/wp\/v2\/posts"}],"about":[{"href":"https:\/\/www.expotradegroup.com\/fr\/wp-json\/wp\/v2\/types\/post"}],"author":[{"embeddable":true,"href":"https:\/\/www.expotradegroup.com\/fr\/wp-json\/wp\/v2\/users\/3"}],"replies":[{"embeddable":true,"href":"https:\/\/www.expotradegroup.com\/fr\/wp-json\/wp\/v2\/comments?post=36364"}],"version-history":[{"count":1,"href":"https:\/\/www.expotradegroup.com\/fr\/wp-json\/wp\/v2\/posts\/36364\/revisions"}],"predecessor-version":[{"id":36365,"href":"https:\/\/www.expotradegroup.com\/fr\/wp-json\/wp\/v2\/posts\/36364\/revisions\/36365"}],"wp:featuredmedia":[{"embeddable":true,"href":"https:\/\/www.expotradegroup.com\/fr\/wp-json\/wp\/v2\/media\/36359"}],"wp:attachment":[{"href":"https:\/\/www.expotradegroup.com\/fr\/wp-json\/wp\/v2\/media?parent=36364"}],"wp:term":[{"taxonomy":"category","embeddable":true,"href":"https:\/\/www.expotradegroup.com\/fr\/wp-json\/wp\/v2\/categories?post=36364"},{"taxonomy":"post_tag","embeddable":true,"href":"https:\/\/www.expotradegroup.com\/fr\/wp-json\/wp\/v2\/tags?post=36364"}],"curies":[{"name":"wp","href":"https:\/\/api.w.org\/{rel}","templated":true}]}}